{"id":351,"date":"2015-06-10T14:01:45","date_gmt":"2015-06-10T18:01:45","guid":{"rendered":"http:\/\/santemc.quebec\/icentre\/?p=351"},"modified":"2015-06-10T14:01:56","modified_gmt":"2015-06-10T18:01:56","slug":"nomination-de-la-directrice-adjointe-de-la-qualite-performance-ethique-et-lean","status":"publish","type":"post","link":"https:\/\/santemc.quebec\/icentre\/nomination-de-la-directrice-adjointe-de-la-qualite-performance-ethique-et-lean\/","title":{"rendered":"Nomination de la directrice adjointe de la qualit\u00e9, performance, \u00e9thique et Lean"},"content":{"rendered":"<p>C\u2019est avec plaisir que je vous annonce la nomination de madame Dani\u00e8le Carbonneau au poste de directrice adjointe de la qualit\u00e9, performance, \u00e9thique et Lean pour le CISSS de la Mont\u00e9r\u00e9gie-Centre. Madame Carbonneau poss\u00e8de une vaste exp\u00e9rience professionnelle de pr\u00e8s de 30 ans dans le r\u00e9seau de la sant\u00e9 et des services sociaux. En effet, jusqu\u2019\u00e0 sa nomination, elle \u00e9tait directrice des services multidisciplinaires par int\u00e9rim au CSSS Champlain \u2013 Charles-Le Moyne. Auparavant, elle a notamment occup\u00e9 les fonctions de directrice adjointe aux affaires hospitali\u00e8res au m\u00eame \u00e9tablissement, de directrice adjointe aux programmes-client\u00e8les \u00e0 l\u2019H\u00f4pital Maisonneuve-Rosemont, d\u2019adjointe \u00e0 la planification strat\u00e9gique \u00e0 l\u2019H\u00f4pital Charles-Le Moyne et d\u2019adjointe clinique \u00e0 la direction des services professionnels au CSSS Jardins-Roussillon.<!--more--><\/p>\n<p>D\u00e9tentrice d\u2019un baccalaur\u00e9at en ergoth\u00e9rapie, d\u2019un dipl\u00f4me d\u2019\u00e9tudes sup\u00e9rieures sp\u00e9cialis\u00e9es en administration sociale et d\u2019une ma\u00eetrise en administration des services de sant\u00e9, madame Carbonneau est reconnue pour sa cr\u00e9ativit\u00e9 et sa capacit\u00e9 \u00e0 mobiliser les gens dans des environnements complexes et multidisciplinaires.<\/p>\n<p>Tout au long de sa carri\u00e8re, elle a acquis une exp\u00e9rience significative en transformation organisationnelle en participant notamment \u00e0 l\u2019ouverture d\u2019un nouveau centre hospitalier, en implantant un r\u00e9seau de services int\u00e9gr\u00e9s inter-\u00e9tablissements et en collaborant \u00e0 la fusion d\u2019\u00e9tablissements. Elle a \u00e9galement d\u00e9velopp\u00e9 une expertise en planification strat\u00e9gique, en gestion de projets et en performance organisationnelle.<\/p>\n<p>Nous sommes tr\u00e8s heureux qu\u2019elle se joigne \u00e0 l\u2019\u00e9quipe de direction du CISSS de la Mont\u00e9r\u00e9gie-Centre et nous lui souhaitons la meilleure des chances dans l\u2019exercice de ses nouvelles fonctions, et tout le succ\u00e8s voulu dans la poursuite de sa carri\u00e8re.<\/p>\n","protected":false},"excerpt":{"rendered":"<p>C\u2019est avec plaisir que je vous annonce la nomination de madame Dani\u00e8le Carbonneau au poste de directrice adjointe de la qualit\u00e9, performance, \u00e9thique et Lean pour le CISSS de la Mont\u00e9r\u00e9gie-Centre. Madame Carbonneau poss\u00e8de une vaste exp\u00e9rience professionnelle de pr\u00e8s &hellip; <a href=\"https:\/\/santemc.quebec\/icentre\/nomination-de-la-directrice-adjointe-de-la-qualite-performance-ethique-et-lean\/\">Continuer la lecture <span class=\"meta-nav\">&rarr;<\/span><\/a><\/p>\n","protected":false},"author":1,"featured_media":0,"comment_status":"open","ping_status":"closed","sticky":false,"template":"","format":"standard","meta":{"footnotes":""},"categories":[2],"tags":[8],"_links":{"self":[{"href":"https:\/\/santemc.quebec\/icentre\/wp-json\/wp\/v2\/posts\/351"}],"collection":[{"href":"https:\/\/santemc.quebec\/icentre\/wp-json\/wp\/v2\/posts"}],"about":[{"href":"https:\/\/santemc.quebec\/icentre\/wp-json\/wp\/v2\/types\/post"}],"author":[{"embeddable":true,"href":"https:\/\/santemc.quebec\/icentre\/wp-json\/wp\/v2\/users\/1"}],"replies":[{"embeddable":true,"href":"https:\/\/santemc.quebec\/icentre\/wp-json\/wp\/v2\/comments?post=351"}],"version-history":[{"count":2,"href":"https:\/\/santemc.quebec\/icentre\/wp-json\/wp\/v2\/posts\/351\/revisions"}],"predecessor-version":[{"id":353,"href":"https:\/\/santemc.quebec\/icentre\/wp-json\/wp\/v2\/posts\/351\/revisions\/353"}],"wp:attachment":[{"href":"https:\/\/santemc.quebec\/icentre\/wp-json\/wp\/v2\/media?parent=351"}],"wp:term":[{"taxonomy":"category","embeddable":true,"href":"https:\/\/santemc.quebec\/icentre\/wp-json\/wp\/v2\/categories?post=351"},{"taxonomy":"post_tag","embeddable":true,"href":"https:\/\/santemc.quebec\/icentre\/wp-json\/wp\/v2\/tags?post=351"}],"curies":[{"name":"wp","href":"https:\/\/api.w.org\/{rel}","templated":true}]}}