{"id":354,"date":"2015-06-10T14:03:02","date_gmt":"2015-06-10T18:03:02","guid":{"rendered":"http:\/\/santemc.quebec\/icentre\/?p=354"},"modified":"2015-06-10T14:03:02","modified_gmt":"2015-06-10T18:03:02","slug":"nomination-du-directeur-adjoint-du-programme-sante-mentale-et-dependance","status":"publish","type":"post","link":"https:\/\/santemc.quebec\/icentre\/nomination-du-directeur-adjoint-du-programme-sante-mentale-et-dependance\/","title":{"rendered":"Nomination du directeur adjoint du programme sant\u00e9 mentale et d\u00e9pendance"},"content":{"rendered":"<p>C\u2019est avec plaisir que je vous annonce la nomination de monsieur Beno\u00eet Geneau au poste de directeur adjoint du programme sant\u00e9 mentale et d\u00e9pendance pour le CISSS de la Mont\u00e9r\u00e9gie-Centre. Monsieur Geneau, qui est titulaire d\u2019un baccalaur\u00e9at en service social, d\u2019un dipl\u00f4me de 2<sup>e<\/sup> cycle en toxicomanie, d\u2019une ma\u00eetrise en service social et d\u2019une ma\u00eetrise en administration publique, a plus de 15 ans d\u2019exp\u00e9rience au sein du r\u00e9seau de la sant\u00e9 et des services sociaux. En effet, jusqu\u2019\u00e0 sa nomination, il \u00e9tait directeur du programme sant\u00e9 mentale et des affaires multidisciplinaires par int\u00e9rim au CSSS du Suro\u00eet. Auparavant, il a notamment occup\u00e9 les fonctions de coordonnateur sant\u00e9 mentale jeunesse et psychiatrie-justice r\u00e9gionale au m\u00eame \u00e9tablissement ainsi que de chef de l\u2019administration des programmes au centre de r\u00e9adaptation en d\u00e9pendance Le Virage. Son parcours professionnel fait \u00e9galement \u00e9tat de quelques ann\u00e9es en pratique priv\u00e9e.<!--more--><\/p>\n<p>Monsieur Geneau est reconnu pour sa vision strat\u00e9gique, son leadership mobilisateur, son sens de l\u2019innovation et sa capacit\u00e9 \u00e0 cr\u00e9er et maintenir des partenariats durables. En effet, dans le cadre des mandats qui lui ont \u00e9t\u00e9 confi\u00e9s, monsieur Geneau a notamment \u00e9t\u00e9 au c\u0153ur de nombreuses ententes intersectorielles convenues entre les r\u00e9seaux de la sant\u00e9, de la justice et de la s\u00e9curit\u00e9 publique. En outre, il a mis en \u0153uvre diff\u00e9rents travaux d\u2019optimisation du travail et de r\u00e9vision majeure de la programmation clinique en sant\u00e9 mentale ayant permis d\u2019am\u00e9liorer l\u2019accessibilit\u00e9 et la qualit\u00e9 des services offerts.<\/p>\n<p>Membre actif de sa communaut\u00e9, monsieur Geneau s\u2019est \u00e9galement impliqu\u00e9 dans de nombreuses organisations et associations \u00e0 titre de b\u00e9n\u00e9vole et membre de conseils d\u2019administration au fil des ans.<\/p>\n<p>Nous sommes tr\u00e8s heureux qu\u2019il se joigne \u00e0 l\u2019\u00e9quipe de direction du CISSS de la Mont\u00e9r\u00e9gie-Centre et nous lui souhaitons la meilleure des chances dans l\u2019exercice de ses nouvelles fonctions, et tout le succ\u00e8s voulu dans la poursuite de sa carri\u00e8re.<\/p>\n","protected":false},"excerpt":{"rendered":"<p>C\u2019est avec plaisir que je vous annonce la nomination de monsieur Beno\u00eet Geneau au poste de directeur adjoint du programme sant\u00e9 mentale et d\u00e9pendance pour le CISSS de la Mont\u00e9r\u00e9gie-Centre. Monsieur Geneau, qui est titulaire d\u2019un baccalaur\u00e9at en service social, &hellip; <a href=\"https:\/\/santemc.quebec\/icentre\/nomination-du-directeur-adjoint-du-programme-sante-mentale-et-dependance\/\">Continuer la lecture <span class=\"meta-nav\">&rarr;<\/span><\/a><\/p>\n","protected":false},"author":1,"featured_media":0,"comment_status":"open","ping_status":"closed","sticky":false,"template":"","format":"standard","meta":{"footnotes":""},"categories":[2],"tags":[8],"_links":{"self":[{"href":"https:\/\/santemc.quebec\/icentre\/wp-json\/wp\/v2\/posts\/354"}],"collection":[{"href":"https:\/\/santemc.quebec\/icentre\/wp-json\/wp\/v2\/posts"}],"about":[{"href":"https:\/\/santemc.quebec\/icentre\/wp-json\/wp\/v2\/types\/post"}],"author":[{"embeddable":true,"href":"https:\/\/santemc.quebec\/icentre\/wp-json\/wp\/v2\/users\/1"}],"replies":[{"embeddable":true,"href":"https:\/\/santemc.quebec\/icentre\/wp-json\/wp\/v2\/comments?post=354"}],"version-history":[{"count":1,"href":"https:\/\/santemc.quebec\/icentre\/wp-json\/wp\/v2\/posts\/354\/revisions"}],"predecessor-version":[{"id":355,"href":"https:\/\/santemc.quebec\/icentre\/wp-json\/wp\/v2\/posts\/354\/revisions\/355"}],"wp:attachment":[{"href":"https:\/\/santemc.quebec\/icentre\/wp-json\/wp\/v2\/media?parent=354"}],"wp:term":[{"taxonomy":"category","embeddable":true,"href":"https:\/\/santemc.quebec\/icentre\/wp-json\/wp\/v2\/categories?post=354"},{"taxonomy":"post_tag","embeddable":true,"href":"https:\/\/santemc.quebec\/icentre\/wp-json\/wp\/v2\/tags?post=354"}],"curies":[{"name":"wp","href":"https:\/\/api.w.org\/{rel}","templated":true}]}}