{"id":3660,"date":"2016-12-16T14:21:52","date_gmt":"2016-12-16T19:21:52","guid":{"rendered":"http:\/\/santemc.quebec\/icentre\/?p=3660"},"modified":"2016-12-16T14:21:52","modified_gmt":"2016-12-16T19:21:52","slug":"la-directrice-de-sante-publique-a-depose-un-memoire-a-la-commission-sur-leducation-a-la-petite-enfance","status":"publish","type":"post","link":"https:\/\/santemc.quebec\/icentre\/la-directrice-de-sante-publique-a-depose-un-memoire-a-la-commission-sur-leducation-a-la-petite-enfance\/","title":{"rendered":"La Directrice de sant\u00e9 publique a d\u00e9pos\u00e9 un m\u00e9moire \u00e0 la Commission sur l\u2019\u00e9ducation \u00e0 la petite enfance"},"content":{"rendered":"<p>La Directrice de sant\u00e9 publique de la Mont\u00e9r\u00e9gie, appuy\u00e9e par des partenaires des milieux de garde, scolaire et communautaire, a d\u00e9pos\u00e9 un m\u00e9moire \u00e0 la Commission sur l\u2019\u00e9ducation \u00e0 la petite enfance pour r\u00e9it\u00e9rer l\u2019importance d\u2019offrir des services \u00e9ducatifs de qualit\u00e9 \u00e0 tous les enfants d\u2019\u00e2ge pr\u00e9scolaire.<\/p>\n<p><!--more--><\/p>\n<p>La Mont\u00e9r\u00e9gie compte pr\u00e8s de 80 000 enfants de moins de 5 ans. Ce qu&rsquo;ils vivront durant la petite enfance influencera leur trajectoire de vie. Augmenter l&rsquo;offre et l&rsquo;acc\u00e8s aux services \u00e9ducatifs de qualit\u00e9 en petite enfance ainsi que mettre en place des mesures pour lever les barri\u00e8res \u00e0 l&rsquo;accessibilit\u00e9 et rejoindre plus particuli\u00e8rement les jeunes enfants provenant d&rsquo;un milieu d\u00e9favoris\u00e9 sont les deux principales recommandations mises de l&rsquo;avant dans ce m\u00e9moire.<\/p>\n<p>En 2012, l\u2019Enqu\u00eate qu\u00e9b\u00e9coise sur le d\u00e9veloppement des enfants \u00e0 la maternelle a d\u00e9montr\u00e9 que pr\u00e8s d\u2019un enfant sur quatre en Mont\u00e9r\u00e9gie (24 %) pr\u00e9sente une vuln\u00e9rabilit\u00e9 dans au moins un domaine de son d\u00e9veloppement au d\u00e9but de son parcours scolaire. Dans la r\u00e9gion, 3 700 enfants \u00e9taient consid\u00e9r\u00e9s \u00e0 risque de devoir composer avec des difficult\u00e9s d\u2019apprentissage ou d\u2019adaptation scolaire.<\/p>\n<p>Devant ce constat, la Mont\u00e9r\u00e9gie s\u2019est mobilis\u00e9e pour favoriser la r\u00e9ussite des tout-petits. Une quinzaine d\u2019acteurs \u0153uvrant aupr\u00e8s de la petite enfance ont form\u00e9 le Comit\u00e9 r\u00e9gional Op\u00e9ration Colibri dans le but de favoriser le d\u00e9veloppement global des tout-petits et le soutien \u00e0 leurs parents. Le m\u00e9moire pr\u00e9sent\u00e9 \u00e0 la Commission a \u00e9t\u00e9 cosign\u00e9 par la Directrice de sant\u00e9 publique et le Comit\u00e9 r\u00e9gional Op\u00e9ration Colibri.<\/p>\n<p>Vous pouvez lire le m\u00e9moire en utilisant ce lien\u00a0: <a href=\"http:\/\/extranet.santemonteregie.qc.ca\/depot\/document\/3856\/Memoire-SEG.pdf\" target=\"_blank\">http:\/\/extranet.santemonteregie.qc.ca\/depot\/document\/3856\/Memoire-SEG.pdf<\/a><\/p>\n","protected":false},"excerpt":{"rendered":"<p>La Directrice de sant\u00e9 publique de la Mont\u00e9r\u00e9gie, appuy\u00e9e par des partenaires des milieux de garde, scolaire et communautaire, a d\u00e9pos\u00e9 un m\u00e9moire \u00e0 la Commission sur l\u2019\u00e9ducation \u00e0 la petite enfance pour r\u00e9it\u00e9rer l\u2019importance d\u2019offrir des services \u00e9ducatifs de &hellip; <a href=\"https:\/\/santemc.quebec\/icentre\/la-directrice-de-sante-publique-a-depose-un-memoire-a-la-commission-sur-leducation-a-la-petite-enfance\/\">Continuer la lecture <span class=\"meta-nav\">&rarr;<\/span><\/a><\/p>\n","protected":false},"author":9,"featured_media":0,"comment_status":"open","ping_status":"closed","sticky":false,"template":"","format":"standard","meta":{"footnotes":""},"categories":[1],"tags":[],"_links":{"self":[{"href":"https:\/\/santemc.quebec\/icentre\/wp-json\/wp\/v2\/posts\/3660"}],"collection":[{"href":"https:\/\/santemc.quebec\/icentre\/wp-json\/wp\/v2\/posts"}],"about":[{"href":"https:\/\/santemc.quebec\/icentre\/wp-json\/wp\/v2\/types\/post"}],"author":[{"embeddable":true,"href":"https:\/\/santemc.quebec\/icentre\/wp-json\/wp\/v2\/users\/9"}],"replies":[{"embeddable":true,"href":"https:\/\/santemc.quebec\/icentre\/wp-json\/wp\/v2\/comments?post=3660"}],"version-history":[{"count":1,"href":"https:\/\/santemc.quebec\/icentre\/wp-json\/wp\/v2\/posts\/3660\/revisions"}],"predecessor-version":[{"id":3661,"href":"https:\/\/santemc.quebec\/icentre\/wp-json\/wp\/v2\/posts\/3660\/revisions\/3661"}],"wp:attachment":[{"href":"https:\/\/santemc.quebec\/icentre\/wp-json\/wp\/v2\/media?parent=3660"}],"wp:term":[{"taxonomy":"category","embeddable":true,"href":"https:\/\/santemc.quebec\/icentre\/wp-json\/wp\/v2\/categories?post=3660"},{"taxonomy":"post_tag","embeddable":true,"href":"https:\/\/santemc.quebec\/icentre\/wp-json\/wp\/v2\/tags?post=3660"}],"curies":[{"name":"wp","href":"https:\/\/api.w.org\/{rel}","templated":true}]}}