{"id":3714,"date":"2016-12-22T12:01:23","date_gmt":"2016-12-22T17:01:23","guid":{"rendered":"http:\/\/santemc.quebec\/icentre\/?p=3714"},"modified":"2016-12-22T14:18:20","modified_gmt":"2016-12-22T19:18:20","slug":"nomination-de-la-directrice-adjointe-des-programmes-sante-mentale-et-dependances","status":"publish","type":"post","link":"https:\/\/santemc.quebec\/icentre\/nomination-de-la-directrice-adjointe-des-programmes-sante-mentale-et-dependances\/","title":{"rendered":"Nomination de la directrice adjointe des programmes Sant\u00e9 mentale et D\u00e9pendances"},"content":{"rendered":"<p>Bonjour,<\/p>\n<p>C\u2019est avec plaisir que je vous annonce la nomination de madame Julie Lapointe \u00e0 titre de directrice adjointe des programmes Sant\u00e9 mentale et D\u00e9pendances au CISSS de la Mont\u00e9r\u00e9gie-Centre.<!--more--><\/p>\n<p>Madame Lapointe a occup\u00e9, pendant plus de 15 ans, des postes de gestionnaire et de direction dans plusieurs secteurs cliniques du r\u00e9seau de la sant\u00e9 et des services sociaux. Elle occupait, jusqu\u2019\u00e0 sa nomination, un poste de directrice adjointe des Services post-hospitaliers et ambulatoires, Direction SAPA, au CIUSSS du Nord-de-l\u2019\u00cele-de-Montr\u00e9al.<\/p>\n<p>Madame Lapointe d\u00e9tient une ma\u00eetrise en administration publique en analyse et d\u00e9veloppement des organisations et un baccalaur\u00e9at en administration des affaires. Plus r\u00e9cemment, elle obtenait une certification \u00ab Ceinture verte Lean \u00bb d\u00e9cern\u00e9e par l\u2019\u00c9cole des Hautes \u00e9tudes commerciales.<\/p>\n<p>Madame Lapointe est une gestionnaire d\u2019exp\u00e9rience qui a, au fil des ans, acquis une solide exp\u00e9rience dans l\u2019am\u00e9lioration de l\u2019acc\u00e8s aux services, dans la consolidation de trajectoires de soins efficientes de m\u00eame que dans l\u2019am\u00e9lioration et l\u2019\u00e9valuation des processus. Elle est aussi reconnue pour son leadership et son sens \u00e9thique \u00e9lev\u00e9.<\/p>\n<p>Nous sommes tr\u00e8s heureux que madame Lapointe se joigne \u00e0 l\u2019\u00e9quipe de direction du CISSS de la Mont\u00e9r\u00e9gie-Centre et nous lui souhaitons la meilleure des chances dans l\u2019exercice de ses nouvelles fonctions, et tout le succ\u00e8s voulu dans la poursuite de sa carri\u00e8re.<\/p>\n<p>&nbsp;<\/p>\n<p>Richard Deschamps<br \/>\nPr\u00e9sident-directeur g\u00e9n\u00e9ral<\/p>\n<p>&nbsp;<\/p>\n","protected":false},"excerpt":{"rendered":"<p>Bonjour, C\u2019est avec plaisir que je vous annonce la nomination de madame Julie Lapointe \u00e0 titre de directrice adjointe des programmes Sant\u00e9 mentale et D\u00e9pendances au CISSS de la Mont\u00e9r\u00e9gie-Centre.<\/p>\n","protected":false},"author":1,"featured_media":0,"comment_status":"open","ping_status":"closed","sticky":false,"template":"","format":"standard","meta":{"footnotes":""},"categories":[1],"tags":[8],"_links":{"self":[{"href":"https:\/\/santemc.quebec\/icentre\/wp-json\/wp\/v2\/posts\/3714"}],"collection":[{"href":"https:\/\/santemc.quebec\/icentre\/wp-json\/wp\/v2\/posts"}],"about":[{"href":"https:\/\/santemc.quebec\/icentre\/wp-json\/wp\/v2\/types\/post"}],"author":[{"embeddable":true,"href":"https:\/\/santemc.quebec\/icentre\/wp-json\/wp\/v2\/users\/1"}],"replies":[{"embeddable":true,"href":"https:\/\/santemc.quebec\/icentre\/wp-json\/wp\/v2\/comments?post=3714"}],"version-history":[{"count":2,"href":"https:\/\/santemc.quebec\/icentre\/wp-json\/wp\/v2\/posts\/3714\/revisions"}],"predecessor-version":[{"id":3716,"href":"https:\/\/santemc.quebec\/icentre\/wp-json\/wp\/v2\/posts\/3714\/revisions\/3716"}],"wp:attachment":[{"href":"https:\/\/santemc.quebec\/icentre\/wp-json\/wp\/v2\/media?parent=3714"}],"wp:term":[{"taxonomy":"category","embeddable":true,"href":"https:\/\/santemc.quebec\/icentre\/wp-json\/wp\/v2\/categories?post=3714"},{"taxonomy":"post_tag","embeddable":true,"href":"https:\/\/santemc.quebec\/icentre\/wp-json\/wp\/v2\/tags?post=3714"}],"curies":[{"name":"wp","href":"https:\/\/api.w.org\/{rel}","templated":true}]}}