{"id":3717,"date":"2016-12-22T12:02:23","date_gmt":"2016-12-22T17:02:23","guid":{"rendered":"http:\/\/santemc.quebec\/icentre\/?p=3717"},"modified":"2016-12-22T14:20:01","modified_gmt":"2016-12-22T19:20:01","slug":"nomination-de-la-directrice-adjointe-aux-services-professionnels-medical-premiere-ligne","status":"publish","type":"post","link":"https:\/\/santemc.quebec\/icentre\/nomination-de-la-directrice-adjointe-aux-services-professionnels-medical-premiere-ligne\/","title":{"rendered":"Nomination de la directrice adjointe aux services professionnels \u2013 m\u00e9dical premi\u00e8re ligne"},"content":{"rendered":"<p>Bonjour,<\/p>\n<p>C\u2019est avec plaisir que je vous annonce la nomination de la docteure Inthysone Rajvong au poste de directrice adjointe aux services professionnels \u2013 m\u00e9dical premi\u00e8re ligne.<!--more--><\/p>\n<p>Omnipraticienne de formation, Dre Rajvong partage actuellement sa pratique entre le CLSC Saint-Hubert et l\u2019urgence de l\u2019H\u00f4pital Anna-Laberge. De 2013 \u00e0 2016, elle a \u00e9galement assum\u00e9 la chefferie du d\u00e9partement de m\u00e9decine de famille du CSSS Champlain-Charles-Lemoyne, puis du CISSS de la Mont\u00e9r\u00e9gie-Centre.<\/p>\n<p>Tr\u00e8s engag\u00e9e \u00e0 l\u2019\u00e9gard de l\u2019organisation des services de la premi\u00e8re ligne, la docteure Rajvong a eu l\u2019occasion de participer \u00e0 divers projets de d\u00e9veloppement \u00e0 ce sujet au cours des derni\u00e8res ann\u00e9es. Elle a notamment \u00e9t\u00e9 impliqu\u00e9e dans l\u2019implantation de l\u2019accueil clinique, la r\u00e9vision du cadre de triage et l\u2019organisation des pratiques de code en CLSC. Elle a \u00e9galement collabor\u00e9 \u00e0 divers comit\u00e9s d\u2019\u00e9valuation de l\u2019acte m\u00e9dical touchant, entre autres, les ordonnances de traitement et l\u2019aide m\u00e9dicale \u00e0 mourir.<\/p>\n<p>Ses nouvelles fonctions au sein de la Direction des services professionnels repr\u00e9senteront une occasion privil\u00e9gi\u00e9e pour la docteure Rajvong de poursuivre sa contribution au d\u00e9veloppement, \u00e0 la standardisation et \u00e0 l\u2019optimisation des services interprofessionnels offerts en premi\u00e8re ligne. Nous sommes convaincus que son exp\u00e9rience et sa vision syst\u00e9mique lui permettront d\u2019atteindre ces objectifs dans le but d\u2019y am\u00e9liorer l\u2019acc\u00e8s, la continuit\u00e9 et la fluidit\u00e9 des services.<\/p>\n<p>Nous sommes tr\u00e8s heureux que la docteure Rajvong se joigne \u00e0 l\u2019\u00e9quipe de direction du CISSS de la Mont\u00e9r\u00e9gie-Centre et nous lui souhaitons la meilleure des chances dans l\u2019exercice de ses nouvelles fonctions, et tout le succ\u00e8s voulu dans la poursuite de sa carri\u00e8re.<\/p>\n<p>&nbsp;<\/p>\n<p>Richard Deschamps<br \/>\nPr\u00e9sident-directeur g\u00e9n\u00e9ral<\/p>\n<p>&nbsp;<\/p>\n","protected":false},"excerpt":{"rendered":"<p>Bonjour, C\u2019est avec plaisir que je vous annonce la nomination de la docteure Inthysone Rajvong au poste de directrice adjointe aux services professionnels \u2013 m\u00e9dical premi\u00e8re ligne.<\/p>\n","protected":false},"author":1,"featured_media":0,"comment_status":"open","ping_status":"closed","sticky":false,"template":"","format":"standard","meta":{"footnotes":""},"categories":[1],"tags":[8],"_links":{"self":[{"href":"https:\/\/santemc.quebec\/icentre\/wp-json\/wp\/v2\/posts\/3717"}],"collection":[{"href":"https:\/\/santemc.quebec\/icentre\/wp-json\/wp\/v2\/posts"}],"about":[{"href":"https:\/\/santemc.quebec\/icentre\/wp-json\/wp\/v2\/types\/post"}],"author":[{"embeddable":true,"href":"https:\/\/santemc.quebec\/icentre\/wp-json\/wp\/v2\/users\/1"}],"replies":[{"embeddable":true,"href":"https:\/\/santemc.quebec\/icentre\/wp-json\/wp\/v2\/comments?post=3717"}],"version-history":[{"count":1,"href":"https:\/\/santemc.quebec\/icentre\/wp-json\/wp\/v2\/posts\/3717\/revisions"}],"predecessor-version":[{"id":3718,"href":"https:\/\/santemc.quebec\/icentre\/wp-json\/wp\/v2\/posts\/3717\/revisions\/3718"}],"wp:attachment":[{"href":"https:\/\/santemc.quebec\/icentre\/wp-json\/wp\/v2\/media?parent=3717"}],"wp:term":[{"taxonomy":"category","embeddable":true,"href":"https:\/\/santemc.quebec\/icentre\/wp-json\/wp\/v2\/categories?post=3717"},{"taxonomy":"post_tag","embeddable":true,"href":"https:\/\/santemc.quebec\/icentre\/wp-json\/wp\/v2\/tags?post=3717"}],"curies":[{"name":"wp","href":"https:\/\/api.w.org\/{rel}","templated":true}]}}