{"id":3724,"date":"2016-12-22T11:59:53","date_gmt":"2016-12-22T16:59:53","guid":{"rendered":"http:\/\/santemc.quebec\/icentre\/?p=3724"},"modified":"2016-12-22T14:31:43","modified_gmt":"2016-12-22T19:31:43","slug":"les-dernieres-nominations-de-cadres-intermediaires-5","status":"publish","type":"post","link":"https:\/\/santemc.quebec\/icentre\/les-dernieres-nominations-de-cadres-intermediaires-5\/","title":{"rendered":"Les derni\u00e8res nominations de cadres interm\u00e9diaires"},"content":{"rendered":"<p>Voici les plus r\u00e9centes nominations :<br \/>\n<!--more--><\/p>\n<p><strong>Direction des ressources humaines, des communications et des affaires juridiques <\/strong><\/p>\n<table style=\"width: 75%;\">\n<tbody>\n<tr>\n<td style=\"width: 70%;\">Chef des services d\u2019attraction, de r\u00e9tention et de dotation (interne et externe)<\/td>\n<td style=\"width: 5%;\"><\/td>\n<td style=\"width: 25%;\">Paul Lessard<\/td>\n<\/tr>\n<\/tbody>\n<\/table>\n<p>&nbsp;<\/p>\n","protected":false},"excerpt":{"rendered":"<p>Voici les plus r\u00e9centes nominations :<\/p>\n","protected":false},"author":1,"featured_media":0,"comment_status":"open","ping_status":"closed","sticky":false,"template":"","format":"standard","meta":{"footnotes":""},"categories":[1],"tags":[8],"_links":{"self":[{"href":"https:\/\/santemc.quebec\/icentre\/wp-json\/wp\/v2\/posts\/3724"}],"collection":[{"href":"https:\/\/santemc.quebec\/icentre\/wp-json\/wp\/v2\/posts"}],"about":[{"href":"https:\/\/santemc.quebec\/icentre\/wp-json\/wp\/v2\/types\/post"}],"author":[{"embeddable":true,"href":"https:\/\/santemc.quebec\/icentre\/wp-json\/wp\/v2\/users\/1"}],"replies":[{"embeddable":true,"href":"https:\/\/santemc.quebec\/icentre\/wp-json\/wp\/v2\/comments?post=3724"}],"version-history":[{"count":1,"href":"https:\/\/santemc.quebec\/icentre\/wp-json\/wp\/v2\/posts\/3724\/revisions"}],"predecessor-version":[{"id":3725,"href":"https:\/\/santemc.quebec\/icentre\/wp-json\/wp\/v2\/posts\/3724\/revisions\/3725"}],"wp:attachment":[{"href":"https:\/\/santemc.quebec\/icentre\/wp-json\/wp\/v2\/media?parent=3724"}],"wp:term":[{"taxonomy":"category","embeddable":true,"href":"https:\/\/santemc.quebec\/icentre\/wp-json\/wp\/v2\/categories?post=3724"},{"taxonomy":"post_tag","embeddable":true,"href":"https:\/\/santemc.quebec\/icentre\/wp-json\/wp\/v2\/tags?post=3724"}],"curies":[{"name":"wp","href":"https:\/\/api.w.org\/{rel}","templated":true}]}}