{"id":3754,"date":"2017-01-13T11:52:24","date_gmt":"2017-01-13T16:52:24","guid":{"rendered":"http:\/\/santemc.quebec\/icentre\/?p=3754"},"modified":"2017-01-13T11:52:24","modified_gmt":"2017-01-13T16:52:24","slug":"bulletin-periscope-la-maladie-pulmonaire-obstructive-chronique-un-fardeau-bien-reel","status":"publish","type":"post","link":"https:\/\/santemc.quebec\/icentre\/bulletin-periscope-la-maladie-pulmonaire-obstructive-chronique-un-fardeau-bien-reel\/","title":{"rendered":"Bulletin P\u00e9riscope &#8211; La maladie pulmonaire obstructive chronique : un fardeau bien r\u00e9el!"},"content":{"rendered":"<p><img decoding=\"async\" loading=\"lazy\" class=\"aligncenter wp-image-2877 size-full\" src=\"http:\/\/santemc.quebec\/santemc\/icentre\/wp-content\/uploads\/2016\/09\/periscope.png\" alt=\"periscope\" width=\"789\" height=\"163\" srcset=\"https:\/\/santemc.quebec\/santemc\/icentre\/wp-content\/uploads\/2016\/09\/periscope.png 789w, https:\/\/santemc.quebec\/santemc\/icentre\/wp-content\/uploads\/2016\/09\/periscope-300x62.png 300w, https:\/\/santemc.quebec\/santemc\/icentre\/wp-content\/uploads\/2016\/09\/periscope-768x159.png 768w, https:\/\/santemc.quebec\/santemc\/icentre\/wp-content\/uploads\/2016\/09\/periscope-500x103.png 500w\" sizes=\"(max-width: 789px) 100vw, 789px\" \/><\/p>\n<p>La maladie pulmonaire obstructive chronique (MPOC) touche pr\u00e8s de 74 000 Mont\u00e9r\u00e9giens, soit environ 9 % de la population de 35 ans et plus. Chez les personnes \u00e2g\u00e9es, cette proportion grimpe \u00e0 24 %.<\/p>\n<p>Selon une enqu\u00eate, pr\u00e8s de la moiti\u00e9 des Qu\u00e9b\u00e9cois d\u00e9clarant avoir une MPOC \u00e9prouvent une incapacit\u00e9 mod\u00e9r\u00e9e ou grave, pouvant limiter les activit\u00e9s ou m\u00eame conduire \u00e0 l\u2019hospitalisation.<!--more--><\/p>\n<p>Aussi, la tr\u00e8s grande majorit\u00e9 des personnes ayant une MPOC sont des fumeurs actuels ou des anciens fumeurs.<\/p>\n<p>La bonne nouvelle, r\u00e9side dans le fait que la MPOC est en grande partie \u00e9vitable par des mesures de sant\u00e9 publique. Vous \u00eates invit\u00e9s \u00e0 consulter le P\u00e9riscope pour en savoir davantage sur le sujet.<\/p>\n<p><!--more--><\/p>\n<p>Pour acc\u00e9der \u00e0 la version int\u00e9grale du bulletin d\u2019information,\u00a0rendez-vous sur le site\u00a0<a class=\"pdf\" href=\"http:\/\/extranet.santemonteregie.qc.ca\/sante-publique\/surveillance-etat-sante\/periscope.fr.html\" target=\"_blank\">Extranet<\/a>.<\/p>\n<p>Le P\u00e9riscope est un bulletin produit par le\u00a0secteur Surveillance de l\u2019\u00e9tat de sant\u00e9 de la population de la Direction de sant\u00e9 publique de la Mont\u00e9r\u00e9gie.<\/p>\n<p>&nbsp;<\/p>\n","protected":false},"excerpt":{"rendered":"<p>La maladie pulmonaire obstructive chronique (MPOC) touche pr\u00e8s de 74 000 Mont\u00e9r\u00e9giens, soit environ 9 % de la population de 35 ans et plus. Chez les personnes \u00e2g\u00e9es, cette proportion grimpe \u00e0 24 %. Selon une enqu\u00eate, pr\u00e8s de la &hellip; <a href=\"https:\/\/santemc.quebec\/icentre\/bulletin-periscope-la-maladie-pulmonaire-obstructive-chronique-un-fardeau-bien-reel\/\">Continuer la lecture <span class=\"meta-nav\">&rarr;<\/span><\/a><\/p>\n","protected":false},"author":1,"featured_media":0,"comment_status":"open","ping_status":"closed","sticky":false,"template":"","format":"standard","meta":{"footnotes":""},"categories":[1],"tags":[44],"_links":{"self":[{"href":"https:\/\/santemc.quebec\/icentre\/wp-json\/wp\/v2\/posts\/3754"}],"collection":[{"href":"https:\/\/santemc.quebec\/icentre\/wp-json\/wp\/v2\/posts"}],"about":[{"href":"https:\/\/santemc.quebec\/icentre\/wp-json\/wp\/v2\/types\/post"}],"author":[{"embeddable":true,"href":"https:\/\/santemc.quebec\/icentre\/wp-json\/wp\/v2\/users\/1"}],"replies":[{"embeddable":true,"href":"https:\/\/santemc.quebec\/icentre\/wp-json\/wp\/v2\/comments?post=3754"}],"version-history":[{"count":1,"href":"https:\/\/santemc.quebec\/icentre\/wp-json\/wp\/v2\/posts\/3754\/revisions"}],"predecessor-version":[{"id":3755,"href":"https:\/\/santemc.quebec\/icentre\/wp-json\/wp\/v2\/posts\/3754\/revisions\/3755"}],"wp:attachment":[{"href":"https:\/\/santemc.quebec\/icentre\/wp-json\/wp\/v2\/media?parent=3754"}],"wp:term":[{"taxonomy":"category","embeddable":true,"href":"https:\/\/santemc.quebec\/icentre\/wp-json\/wp\/v2\/categories?post=3754"},{"taxonomy":"post_tag","embeddable":true,"href":"https:\/\/santemc.quebec\/icentre\/wp-json\/wp\/v2\/tags?post=3754"}],"curies":[{"name":"wp","href":"https:\/\/api.w.org\/{rel}","templated":true}]}}