{"id":387,"date":"2015-06-16T11:11:42","date_gmt":"2015-06-16T15:11:42","guid":{"rendered":"http:\/\/santemc.quebec\/icentre\/?p=387"},"modified":"2015-06-16T11:11:42","modified_gmt":"2015-06-16T15:11:42","slug":"a-compter-du-17-aout-les-chirurgies-de-la-cataracte-se-feront-a-brossard","status":"publish","type":"post","link":"https:\/\/santemc.quebec\/icentre\/a-compter-du-17-aout-les-chirurgies-de-la-cataracte-se-feront-a-brossard\/","title":{"rendered":"\u00c0 compter du 17 ao\u00fbt, les chirurgies de la cataracte se feront \u00e0 Brossard"},"content":{"rendered":"<p>Le Centre int\u00e9gr\u00e9 de sant\u00e9 et de services sociaux (CISSS) de la Mont\u00e9r\u00e9gie-Centre souhaite aviser la population que les chirurgies de la cataracte habituellement r\u00e9alis\u00e9es \u00e0 l\u2019H\u00f4pital du Haut-Richelieu seront temporairement transf\u00e9r\u00e9es \u00e0 Brossard, \u00e0 la clinique Chirurgie DIX30, un centre m\u00e9dical sp\u00e9cialis\u00e9. En effet, les travaux effectu\u00e9s dans le cadre du projet d\u2019agrandissement majeur de l\u2019H\u00f4pital vont entra\u00eener la fermeture d\u2019une salle d\u2019op\u00e9ration et une partie de la salle de r\u00e9veil.<!--more--><\/p>\n<p>Ainsi, \u00e0 compter du 17 ao\u00fbt 2015, toutes les chirurgies de la cataracte auront lieu \u00e0 la clinique Chirurgie DIX30, situ\u00e9e \u00e0 Brossard. Cette mesure transitoire sera en vigueur pour la dur\u00e9e des travaux.<\/p>\n<p>\u00ab L\u2019entente r\u00e9alis\u00e9e avec le centre m\u00e9dical sp\u00e9cialis\u00e9 nous permet de continuer \u00e0 offrir les chirurgies de la cataracte \u00e0 la population de notre territoire tout en maintenant \u00e0 l\u2019H\u00f4pital toutes les autres activit\u00e9s du bloc op\u00e9ratoire durant les travaux \u00bb, mentionne Richard Deschamps, pr\u00e9sident-directeur g\u00e9n\u00e9ral du CISSS de la Mont\u00e9r\u00e9gie-Centre.<\/p>\n<p>Les chirurgies de la cataracte seront r\u00e9alis\u00e9es par les ophtalmologistes de l\u2019H\u00f4pital du Haut-Richelieu, soit les docteures Nicole Betournay, H\u00e9l\u00e8ne Joyal et Christa Staudenmaier. Par ailleurs, les services d\u2019ophtalmologie \u00e0 l\u2019urgence et en clinique externe seront toujours offerts \u00e0 l\u2019H\u00f4pital. Le transfert concerne uniquement les patients qui doivent se faire op\u00e9rer pour une cataracte. De plus, les \u00e9valuations pr\u00e9op\u00e9ratoire et postop\u00e9ratoire seront encore effectu\u00e9es \u00e0 Saint-Jean-sur-Richelieu, dans les cliniques des ophtalmologistes.<\/p>\n<p>Mentionnons que le choix de la clinique m\u00e9dicale sp\u00e9cialis\u00e9e s\u2019est fait par appel d\u2019offres, selon les r\u00e8gles \u00e9tablies. Cette derni\u00e8re r\u00e9pond aux lignes directrices du Qu\u00e9bec, aux normes d\u2019Agr\u00e9ment Canada et CSA en mati\u00e8re de st\u00e9rilisation.<br \/>\n&#8211;<\/p>\n","protected":false},"excerpt":{"rendered":"<p>Le Centre int\u00e9gr\u00e9 de sant\u00e9 et de services sociaux (CISSS) de la Mont\u00e9r\u00e9gie-Centre souhaite aviser la population que les chirurgies de la cataracte habituellement r\u00e9alis\u00e9es \u00e0 l\u2019H\u00f4pital du Haut-Richelieu seront temporairement transf\u00e9r\u00e9es \u00e0 Brossard, \u00e0 la clinique Chirurgie DIX30, un &hellip; <a href=\"https:\/\/santemc.quebec\/icentre\/a-compter-du-17-aout-les-chirurgies-de-la-cataracte-se-feront-a-brossard\/\">Continuer la lecture <span class=\"meta-nav\">&rarr;<\/span><\/a><\/p>\n","protected":false},"author":1,"featured_media":0,"comment_status":"open","ping_status":"closed","sticky":false,"template":"","format":"standard","meta":{"footnotes":""},"categories":[17],"tags":[],"_links":{"self":[{"href":"https:\/\/santemc.quebec\/icentre\/wp-json\/wp\/v2\/posts\/387"}],"collection":[{"href":"https:\/\/santemc.quebec\/icentre\/wp-json\/wp\/v2\/posts"}],"about":[{"href":"https:\/\/santemc.quebec\/icentre\/wp-json\/wp\/v2\/types\/post"}],"author":[{"embeddable":true,"href":"https:\/\/santemc.quebec\/icentre\/wp-json\/wp\/v2\/users\/1"}],"replies":[{"embeddable":true,"href":"https:\/\/santemc.quebec\/icentre\/wp-json\/wp\/v2\/comments?post=387"}],"version-history":[{"count":1,"href":"https:\/\/santemc.quebec\/icentre\/wp-json\/wp\/v2\/posts\/387\/revisions"}],"predecessor-version":[{"id":388,"href":"https:\/\/santemc.quebec\/icentre\/wp-json\/wp\/v2\/posts\/387\/revisions\/388"}],"wp:attachment":[{"href":"https:\/\/santemc.quebec\/icentre\/wp-json\/wp\/v2\/media?parent=387"}],"wp:term":[{"taxonomy":"category","embeddable":true,"href":"https:\/\/santemc.quebec\/icentre\/wp-json\/wp\/v2\/categories?post=387"},{"taxonomy":"post_tag","embeddable":true,"href":"https:\/\/santemc.quebec\/icentre\/wp-json\/wp\/v2\/tags?post=387"}],"curies":[{"name":"wp","href":"https:\/\/api.w.org\/{rel}","templated":true}]}}