{"id":396,"date":"2015-06-16T15:33:07","date_gmt":"2015-06-16T19:33:07","guid":{"rendered":"http:\/\/santemc.quebec\/icentre\/?p=396"},"modified":"2015-06-16T15:35:59","modified_gmt":"2015-06-16T19:35:59","slug":"nomination-du-cogestionnaire-medical-du-projet-majeur-de-lhopital-du-haut-richelieu","status":"publish","type":"post","link":"https:\/\/santemc.quebec\/icentre\/nomination-du-cogestionnaire-medical-du-projet-majeur-de-lhopital-du-haut-richelieu\/","title":{"rendered":"Nomination du cogestionnaire m\u00e9dical du projet majeur de l&rsquo;H\u00f4pital du Haut-Richelieu"},"content":{"rendered":"<p style=\"text-align: left;\"><a href=\"http:\/\/santemc.quebec\/santemc\/icentre\/wp-content\/uploads\/2015\/06\/7661_larocque_low.jpg\"><img decoding=\"async\" loading=\"lazy\" class=\"alignleft wp-image-397\" src=\"http:\/\/santemc.quebec\/santemc\/icentre\/wp-content\/uploads\/2015\/06\/7661_larocque_low.jpg\" alt=\"7661_larocque_low\" width=\"111\" height=\"150\" srcset=\"https:\/\/santemc.quebec\/santemc\/icentre\/wp-content\/uploads\/2015\/06\/7661_larocque_low.jpg 288w, https:\/\/santemc.quebec\/santemc\/icentre\/wp-content\/uploads\/2015\/06\/7661_larocque_low-222x300.jpg 222w\" sizes=\"(max-width: 111px) 100vw, 111px\" \/><\/a>La direction du CISSS de la Mont\u00e9r\u00e9gie-Centre a le plaisir d\u2019annoncer la nomination du Dr Martin Larocque en tant que cogestionnaire m\u00e9dical du projet d\u2019agrandissement majeur de l\u2019H\u00f4pital du Haut-Richelieu. Aux c\u00f4t\u00e9s de Lise Pouliot, pr\u00e9sidente-directrice g\u00e9n\u00e9rale adjointe et responsable du projet, Dr Larocque apportera un regard m\u00e9dical essentiel \u00e0 ce dossier prioritaire.<!--more--><\/p>\n<p>Gastroent\u00e9rologue et chef du d\u00e9partement de m\u00e9decine sp\u00e9cialis\u00e9e, Dr Larocque \u0153uvre \u00e0 l\u2019H\u00f4pital du Haut-Richelieu depuis 2006. Reconnu pour son dynamisme et son leadership, il a contribu\u00e9 \u00e0 la restructuration du d\u00e9partement d\u2019endoscopie et \u00e0 la transformation des m\u00e9thodes de travail. Toujours anim\u00e9 par le bien-\u00eatre des patients et la qualit\u00e9 des soins dispens\u00e9s, Dr Larocque privil\u00e9gie l\u2019approche de cogestion m\u00e9dico-administrative afin d\u2019assurer davantage de coh\u00e9rence dans l\u2019action et dans l\u2019offre de services.<\/p>\n<p>Rappelons que les travaux d\u2019agrandissement de l\u2019H\u00f4pital du Haut-Richelieu ont d\u00e9but\u00e9 en mars 2013 et doivent se poursuivre jusqu\u2019au printemps 2017. Ce projet va augmenter la superficie de l\u2019H\u00f4pital de 43 % dans le but d\u2019accueillir une nouvelle urgence, le bloc op\u00e9ratoire, la chirurgie d\u2019un jour, les soins intensifs et les laboratoires.<\/p>\n","protected":false},"excerpt":{"rendered":"<p>La direction du CISSS de la Mont\u00e9r\u00e9gie-Centre a le plaisir d\u2019annoncer la nomination du Dr Martin Larocque en tant que cogestionnaire m\u00e9dical du projet d\u2019agrandissement majeur de l\u2019H\u00f4pital du Haut-Richelieu. Aux c\u00f4t\u00e9s de Lise Pouliot, pr\u00e9sidente-directrice g\u00e9n\u00e9rale adjointe et responsable &hellip; <a href=\"https:\/\/santemc.quebec\/icentre\/nomination-du-cogestionnaire-medical-du-projet-majeur-de-lhopital-du-haut-richelieu\/\">Continuer la lecture <span class=\"meta-nav\">&rarr;<\/span><\/a><\/p>\n","protected":false},"author":1,"featured_media":397,"comment_status":"open","ping_status":"closed","sticky":false,"template":"","format":"standard","meta":{"footnotes":""},"categories":[2],"tags":[],"_links":{"self":[{"href":"https:\/\/santemc.quebec\/icentre\/wp-json\/wp\/v2\/posts\/396"}],"collection":[{"href":"https:\/\/santemc.quebec\/icentre\/wp-json\/wp\/v2\/posts"}],"about":[{"href":"https:\/\/santemc.quebec\/icentre\/wp-json\/wp\/v2\/types\/post"}],"author":[{"embeddable":true,"href":"https:\/\/santemc.quebec\/icentre\/wp-json\/wp\/v2\/users\/1"}],"replies":[{"embeddable":true,"href":"https:\/\/santemc.quebec\/icentre\/wp-json\/wp\/v2\/comments?post=396"}],"version-history":[{"count":5,"href":"https:\/\/santemc.quebec\/icentre\/wp-json\/wp\/v2\/posts\/396\/revisions"}],"predecessor-version":[{"id":403,"href":"https:\/\/santemc.quebec\/icentre\/wp-json\/wp\/v2\/posts\/396\/revisions\/403"}],"wp:featuredmedia":[{"embeddable":true,"href":"https:\/\/santemc.quebec\/icentre\/wp-json\/wp\/v2\/media\/397"}],"wp:attachment":[{"href":"https:\/\/santemc.quebec\/icentre\/wp-json\/wp\/v2\/media?parent=396"}],"wp:term":[{"taxonomy":"category","embeddable":true,"href":"https:\/\/santemc.quebec\/icentre\/wp-json\/wp\/v2\/categories?post=396"},{"taxonomy":"post_tag","embeddable":true,"href":"https:\/\/santemc.quebec\/icentre\/wp-json\/wp\/v2\/tags?post=396"}],"curies":[{"name":"wp","href":"https:\/\/api.w.org\/{rel}","templated":true}]}}