{"id":4029,"date":"2017-02-09T15:36:44","date_gmt":"2017-02-09T20:36:44","guid":{"rendered":"http:\/\/santemc.quebec\/icentre\/?p=4029"},"modified":"2017-02-09T15:37:16","modified_gmt":"2017-02-09T20:37:16","slug":"sondage-sur-les-equipements-pour-le-deplacement-des-beneficiaires","status":"publish","type":"post","link":"https:\/\/santemc.quebec\/icentre\/sondage-sur-les-equipements-pour-le-deplacement-des-beneficiaires\/","title":{"rendered":"Sondage sur les \u00e9quipements pour le d\u00e9placement des b\u00e9n\u00e9ficiaires"},"content":{"rendered":"<p>Le service de pr\u00e9vention, promotion et mieux \u00eatre du CISSS demande la collaboration des travailleurs utilisant des appareils de d\u00e9placement des b\u00e9n\u00e9ficiaires afin de participer \u00e0 un sondage concernant l\u2019utilisation de ceux-ci. R\u00e9alis\u00e9 dans le cadre d\u2019une \u00e9tude de l\u2019Association paritaire de sant\u00e9 et de s\u00e9curit\u00e9 du travail du secteur affaires sociales (ASSTSAS), ce sondage cherche \u00e0 conna\u00eetre les perceptions des utilisateurs de ces appareils \u00e0 propos de leur utilit\u00e9 et de leur s\u00e9curit\u00e9 dans les \u00e9tablissements publics du r\u00e9seau de la sant\u00e9 et des services sociaux (CISSS, CIUSSS, CHU et instituts). L\u2019objectif de cette d\u00e9marche est de r\u00e9duire les troubles musculo-squelettiques chez les travailleurs de la sant\u00e9.<!--more--><\/p>\n<p>Les appareils de d\u00e9placement concern\u00e9s par ce sondage font partie des cat\u00e9gories suivantes : l\u00e8ve-personne sur rail au plafond, l\u00e8ve-personne mobile au sol, levier \u00e0 station debout motoris\u00e9, verticalisateur non motoris\u00e9 et chaise de bain.<\/p>\n<p>Faites conna\u00eetre votre opinion avant le 15 f\u00e9vrier 2017! Nous comptons sur votre participation puisque le succ\u00e8s de l\u2019\u00e9tude d\u00e9coule directement de la collaboration des personnes qui auront bien voulu partager leur exp\u00e9rience et donner leur opinion.<\/p>\n<p><a href=\"http:\/\/asstsas.qc.ca\/sondage-sur-le-deplacement-des-beneficiaires\">http:\/\/asstsas.qc.ca\/sondage-sur-le-deplacement-des-beneficiaires<\/a><\/p>\n","protected":false},"excerpt":{"rendered":"<p>Le service de pr\u00e9vention, promotion et mieux \u00eatre du CISSS demande la collaboration des travailleurs utilisant des appareils de d\u00e9placement des b\u00e9n\u00e9ficiaires afin de participer \u00e0 un sondage concernant l\u2019utilisation de ceux-ci. R\u00e9alis\u00e9 dans le cadre d\u2019une \u00e9tude de l\u2019Association &hellip; <a href=\"https:\/\/santemc.quebec\/icentre\/sondage-sur-les-equipements-pour-le-deplacement-des-beneficiaires\/\">Continuer la lecture <span class=\"meta-nav\">&rarr;<\/span><\/a><\/p>\n","protected":false},"author":1,"featured_media":0,"comment_status":"open","ping_status":"closed","sticky":false,"template":"","format":"standard","meta":{"footnotes":""},"categories":[1],"tags":[],"_links":{"self":[{"href":"https:\/\/santemc.quebec\/icentre\/wp-json\/wp\/v2\/posts\/4029"}],"collection":[{"href":"https:\/\/santemc.quebec\/icentre\/wp-json\/wp\/v2\/posts"}],"about":[{"href":"https:\/\/santemc.quebec\/icentre\/wp-json\/wp\/v2\/types\/post"}],"author":[{"embeddable":true,"href":"https:\/\/santemc.quebec\/icentre\/wp-json\/wp\/v2\/users\/1"}],"replies":[{"embeddable":true,"href":"https:\/\/santemc.quebec\/icentre\/wp-json\/wp\/v2\/comments?post=4029"}],"version-history":[{"count":2,"href":"https:\/\/santemc.quebec\/icentre\/wp-json\/wp\/v2\/posts\/4029\/revisions"}],"predecessor-version":[{"id":4031,"href":"https:\/\/santemc.quebec\/icentre\/wp-json\/wp\/v2\/posts\/4029\/revisions\/4031"}],"wp:attachment":[{"href":"https:\/\/santemc.quebec\/icentre\/wp-json\/wp\/v2\/media?parent=4029"}],"wp:term":[{"taxonomy":"category","embeddable":true,"href":"https:\/\/santemc.quebec\/icentre\/wp-json\/wp\/v2\/categories?post=4029"},{"taxonomy":"post_tag","embeddable":true,"href":"https:\/\/santemc.quebec\/icentre\/wp-json\/wp\/v2\/tags?post=4029"}],"curies":[{"name":"wp","href":"https:\/\/api.w.org\/{rel}","templated":true}]}}