{"id":4032,"date":"2017-02-09T14:40:53","date_gmt":"2017-02-09T19:40:53","guid":{"rendered":"http:\/\/santemc.quebec\/icentre\/?p=4032"},"modified":"2017-02-09T15:44:52","modified_gmt":"2017-02-09T20:44:52","slug":"la-fondation-en-vue-de-linstitut-nazareth-et-louis-braille-recoit-ses-fideles-donateurs-et-partenaires","status":"publish","type":"post","link":"https:\/\/santemc.quebec\/icentre\/la-fondation-en-vue-de-linstitut-nazareth-et-louis-braille-recoit-ses-fideles-donateurs-et-partenaires\/","title":{"rendered":"La Fondation En Vue de l\u2019Institut Nazareth et Louis-Braille re\u00e7oit ses fid\u00e8les donateurs et partenaires"},"content":{"rendered":"<div style=\"width: 580px\" class=\"wp-caption alignleft\"><a href=\"http:\/\/fondationenvue.org\/wp-content\/uploads\/2017\/02\/16587289_1260186517399147_6581951965894765075_o.jpg\"><img decoding=\"async\" loading=\"lazy\" class=\"\" src=\"http:\/\/fondationenvue.org\/wp-content\/uploads\/2017\/02\/16587289_1260186517399147_6581951965894765075_o.jpg\" alt=\"Photo\" width=\"570\" height=\"218\" \/><\/a><p class=\"wp-caption-text\">Sur la photo, de gauche \u00e0 droite : (de gauche \u00e0 droite): Serge Savoie, usager de l&rsquo;INLB, Sylvie Auclair, Coordonnatrice des services de r\u00e9adaptation en d\u00e9ficience visuelle INLB, Pauline Martin, marraine de la Fondation En Vue, Line Ampleman, Pr\u00e9sidente du conseil d&rsquo;administration de la Fondation En Vue, Dory Jade, usager de l&rsquo;INLB, Michel Poulin, Directeur g\u00e9n\u00e9ral de la Fondation En Vue.<\/p><\/div>\n<p>C\u2019est le 7 f\u00e9vrier 2017, lors d\u2019un 5 \u00e0 7 \u00e0 l\u2019Institut Nazareth et Louis-Braille (INLB), qu\u2019a eu lieu la Soir\u00e9e des grands donateurs de la Fondation En Vue. Plus d\u2019une soixantaine de personnes se sont r\u00e9unies pour reconna\u00eetre l\u2019apport inestimable des donateurs, partenaires et b\u00e9n\u00e9voles de la Fondation En Vue. Anim\u00e9e par la marraine de la Fondation, Pauline Martin, la soir\u00e9e a permis d\u2019honorer ceux qui supportent la Fondation dans la r\u00e9alisation de sa mission, qui est de soutenir l\u2019Institut Nazareth et Louis-Braille dans ses projets et de contribuer \u00e0 son rayonnement.<!--more--><\/p>\n<p>Au cours de la soir\u00e9e, madame Line Ampleman, pr\u00e9sidente du conseil d\u2019administration a rappel\u00e9 que si la Fondation avait pu verser 6,7 millions de dollars \u00e0 l\u2019INLB depuis sa cr\u00e9ation en 2000, c\u2019\u00e9tait gr\u00e2ce \u00e0 la confiance des donateurs et \u00e0 leurs g\u00e9n\u00e9reuses contributions. Madame Sylvie Auclair, coordonnatrice des services de r\u00e9adaptation en d\u00e9ficience visuelle, a quant \u00e0 elle insist\u00e9 sur le fait que plusieurs \u00e9quipements, services et projets offerts aux usagers n\u2019auraient jamais vu le jour sans l\u2019apport de la Fondation En Vue.<\/p>\n<p>Deux usagers ont \u00e9galement t\u00e9moign\u00e9 leur reconnaissance pour la qualit\u00e9 des services re\u00e7us \u00e0 l\u2019Institut et ont soulign\u00e9 la grande expertise de ses sp\u00e9cialistes. La Fondation a finalement pr\u00e9sent\u00e9 ses orientations strat\u00e9giques pour les ann\u00e9es \u00e0 venir et des certificats de reconnaissance ont \u00e9t\u00e9 remis aux donateurs afin de souligner l\u2019impact de leur contribution sur le d\u00e9veloppement de l\u2019autonomie des personnes atteintes de d\u00e9ficience visuelle.<\/p>\n<p>Au cours des derni\u00e8res ann\u00e9es, la Fondation En Vue a permis de financer les projets suivants, entre autres : salles et \u00e9quipements d\u2019optom\u00e9trie pour le service de basse vision, laboratoire d\u2019orientation et de mobilit\u00e9 pour la r\u00e9adaptation, salle Sensorium pour la r\u00e9adaptation des enfants, imprimante braille, imprimante 3D, programme Vision Carri\u00e8re (stage d\u2019exploration professionnelle pour adolescents et jeunes adultes, s\u00e9rie de livres en format duom\u00e9dias, trousses pour les nouveaux usagers (calendriers avec caract\u00e8res agrandis, guides signature, lampes de poche, etc.)<\/p>\n<p>Fond\u00e9 en 1861, l\u2019Institut Nazareth et Louis-Braille est le premier et le seul \u00e9tablissement au Qu\u00e9bec dont les services visent exclusivement la r\u00e9adaptation et l\u2019int\u00e9gration des personnes ayant une d\u00e9ficience visuelle. Sa mission est de contribuer de fa\u00e7on avant-gardiste \u00e0 d\u00e9velopper l\u2019autonomie et \u00e0 favoriser la pleine participation sociale de milliers de personnes de tous \u00e2ges ayant une d\u00e9ficience visuelle totale ou partielle.<\/p>\n<p>Il est possible de soutenir l\u2019Institut Nazareth et Louis-Braille en faisant un don \u00e0 la Fondation En Vue au www.fondationenvue.org.<\/p>\n","protected":false},"excerpt":{"rendered":"<p>C\u2019est le 7 f\u00e9vrier 2017, lors d\u2019un 5 \u00e0 7 \u00e0 l\u2019Institut Nazareth et Louis-Braille (INLB), qu\u2019a eu lieu la Soir\u00e9e des grands donateurs de la Fondation En Vue. Plus d\u2019une soixantaine de personnes se sont r\u00e9unies pour reconna\u00eetre l\u2019apport &hellip; <a href=\"https:\/\/santemc.quebec\/icentre\/la-fondation-en-vue-de-linstitut-nazareth-et-louis-braille-recoit-ses-fideles-donateurs-et-partenaires\/\">Continuer la lecture <span class=\"meta-nav\">&rarr;<\/span><\/a><\/p>\n","protected":false},"author":1,"featured_media":0,"comment_status":"open","ping_status":"closed","sticky":false,"template":"","format":"standard","meta":{"footnotes":""},"categories":[1],"tags":[],"_links":{"self":[{"href":"https:\/\/santemc.quebec\/icentre\/wp-json\/wp\/v2\/posts\/4032"}],"collection":[{"href":"https:\/\/santemc.quebec\/icentre\/wp-json\/wp\/v2\/posts"}],"about":[{"href":"https:\/\/santemc.quebec\/icentre\/wp-json\/wp\/v2\/types\/post"}],"author":[{"embeddable":true,"href":"https:\/\/santemc.quebec\/icentre\/wp-json\/wp\/v2\/users\/1"}],"replies":[{"embeddable":true,"href":"https:\/\/santemc.quebec\/icentre\/wp-json\/wp\/v2\/comments?post=4032"}],"version-history":[{"count":4,"href":"https:\/\/santemc.quebec\/icentre\/wp-json\/wp\/v2\/posts\/4032\/revisions"}],"predecessor-version":[{"id":4036,"href":"https:\/\/santemc.quebec\/icentre\/wp-json\/wp\/v2\/posts\/4032\/revisions\/4036"}],"wp:attachment":[{"href":"https:\/\/santemc.quebec\/icentre\/wp-json\/wp\/v2\/media?parent=4032"}],"wp:term":[{"taxonomy":"category","embeddable":true,"href":"https:\/\/santemc.quebec\/icentre\/wp-json\/wp\/v2\/categories?post=4032"},{"taxonomy":"post_tag","embeddable":true,"href":"https:\/\/santemc.quebec\/icentre\/wp-json\/wp\/v2\/tags?post=4032"}],"curies":[{"name":"wp","href":"https:\/\/api.w.org\/{rel}","templated":true}]}}