{"id":4037,"date":"2017-02-13T11:01:53","date_gmt":"2017-02-13T16:01:53","guid":{"rendered":"http:\/\/santemc.quebec\/icentre\/?p=4037"},"modified":"2017-02-13T11:01:53","modified_gmt":"2017-02-13T16:01:53","slug":"declaration-dincidents-et-daccidents-merci-a-tous-pour-votre-engagement","status":"publish","type":"post","link":"https:\/\/santemc.quebec\/icentre\/declaration-dincidents-et-daccidents-merci-a-tous-pour-votre-engagement\/","title":{"rendered":"D\u00e9claration d\u2019incidents et d\u2019accidents \u2013 merci \u00e0 tous pour votre engagement"},"content":{"rendered":"<p>Comme vous le savez, la d\u00e9claration d\u2019incidents et d\u2019accidents est fortement encourag\u00e9e par le CISSS de la Mont\u00e9r\u00e9gie-Centre pour le personnel, autant administratif que clinique. L\u2019objectif de la d\u00e9claration est de conna\u00eetre nos zones de vuln\u00e9rabilit\u00e9 pour d\u00e9velopper des moyens afin d\u2019\u00e9viter que d\u2019autres \u00e9v\u00e9nements similaires surviennent.<!--more--><\/p>\n<p>La Direction de la qualit\u00e9, performance, \u00e9thique et Lean (DQ\u00c9P\u00c9L) tient \u00e0 remercier tous les employ\u00e9s pour leur forte collaboration au processus de d\u00e9claration de cette ann\u00e9e et la rapidit\u00e9 avec laquelle les formulaires ont \u00e9t\u00e9 envoy\u00e9s. Sachez que le temps allou\u00e9 \u00e0 remplir le formulaire le AH-223-1 est important, car celui-ci\u00a0:<\/p>\n<ul>\n<li>permet d\u2019\u00e9tudier les \u00e9l\u00e9ments et les facteurs qui ont caus\u00e9 l\u2019incident ou l\u2019accident relat\u00e9;<\/li>\n<li>fournit de l\u2019information quant \u00e0 la nature et la fr\u00e9quence des \u00e9v\u00e9nements et son analyse nous permet de partager les connaissances acquises;<\/li>\n<li>sert \u00e0 pr\u00e9venir les r\u00e9currences en apportant des am\u00e9liorations aux fa\u00e7ons de faire ou la mise en place de mesure de pr\u00e9vention.<\/li>\n<\/ul>\n<p>Comme la d\u00e9claration est un processus en continu pour l\u2019organisation, Il est n\u00e9cessaire que tous restent vigilants et que chaque \u00e9v\u00e9nement constat\u00e9 soit port\u00e9 \u00e0 l\u2019attention de la DQ\u00c9P\u00c9L.<\/p>\n<p>Afin de poursuivre dans la m\u00eame voie, il est souhaitable que les prochaines donn\u00e9es soient envoy\u00e9es \u00e0 la DQ\u00c9P\u00c9L aux dates inscrites dans le calendrier des dates de tomb\u00e9e des formulaires AH-223-1. Compte tenu du volume \u00e0 saisir dans les diff\u00e9rentes installations de l\u2019organisation, la collaboration de tous est essentielle afin que les formulaires de d\u00e9claration soient achemin\u00e9s le plus rapidement possible.<\/p>\n<p>Pour toute question au sujet de la d\u00e9claration, veuillez communiquer avec Myl\u00e8ne Fournier, agente de planification, programmation et recherche \u00e0 la DQ\u00c9P\u00c9L au 450-358-2578, poste 8944.<\/p>\n","protected":false},"excerpt":{"rendered":"<p>Comme vous le savez, la d\u00e9claration d\u2019incidents et d\u2019accidents est fortement encourag\u00e9e par le CISSS de la Mont\u00e9r\u00e9gie-Centre pour le personnel, autant administratif que clinique. L\u2019objectif de la d\u00e9claration est de conna\u00eetre nos zones de vuln\u00e9rabilit\u00e9 pour d\u00e9velopper des moyens &hellip; <a href=\"https:\/\/santemc.quebec\/icentre\/declaration-dincidents-et-daccidents-merci-a-tous-pour-votre-engagement\/\">Continuer la lecture <span class=\"meta-nav\">&rarr;<\/span><\/a><\/p>\n","protected":false},"author":1,"featured_media":0,"comment_status":"open","ping_status":"closed","sticky":false,"template":"","format":"standard","meta":{"footnotes":""},"categories":[1],"tags":[],"_links":{"self":[{"href":"https:\/\/santemc.quebec\/icentre\/wp-json\/wp\/v2\/posts\/4037"}],"collection":[{"href":"https:\/\/santemc.quebec\/icentre\/wp-json\/wp\/v2\/posts"}],"about":[{"href":"https:\/\/santemc.quebec\/icentre\/wp-json\/wp\/v2\/types\/post"}],"author":[{"embeddable":true,"href":"https:\/\/santemc.quebec\/icentre\/wp-json\/wp\/v2\/users\/1"}],"replies":[{"embeddable":true,"href":"https:\/\/santemc.quebec\/icentre\/wp-json\/wp\/v2\/comments?post=4037"}],"version-history":[{"count":1,"href":"https:\/\/santemc.quebec\/icentre\/wp-json\/wp\/v2\/posts\/4037\/revisions"}],"predecessor-version":[{"id":4038,"href":"https:\/\/santemc.quebec\/icentre\/wp-json\/wp\/v2\/posts\/4037\/revisions\/4038"}],"wp:attachment":[{"href":"https:\/\/santemc.quebec\/icentre\/wp-json\/wp\/v2\/media?parent=4037"}],"wp:term":[{"taxonomy":"category","embeddable":true,"href":"https:\/\/santemc.quebec\/icentre\/wp-json\/wp\/v2\/categories?post=4037"},{"taxonomy":"post_tag","embeddable":true,"href":"https:\/\/santemc.quebec\/icentre\/wp-json\/wp\/v2\/tags?post=4037"}],"curies":[{"name":"wp","href":"https:\/\/api.w.org\/{rel}","templated":true}]}}