{"id":4041,"date":"2017-02-13T15:47:25","date_gmt":"2017-02-13T20:47:25","guid":{"rendered":"http:\/\/santemc.quebec\/icentre\/?p=4041"},"modified":"2017-02-13T15:47:43","modified_gmt":"2017-02-13T20:47:43","slug":"nomination-de-la-coordonnatrice-du-cicm","status":"publish","type":"post","link":"https:\/\/santemc.quebec\/icentre\/nomination-de-la-coordonnatrice-du-cicm\/","title":{"rendered":"Nomination de la coordonnatrice du CICM"},"content":{"rendered":"<p>Bonjour,<\/p>\n<p>C\u2019est avec plaisir que je vous annonce la nomination de madame Lucie Dugr\u00e9 au poste de coordonnatrice du CICM \u00e0 la Direction de la canc\u00e9rologie du CISSS de la Mont\u00e9r\u00e9gie-Centre.<\/p>\n<p>En plus de sa formation d\u2019infirmi\u00e8re, madame Dugr\u00e9 poss\u00e8de une scolarit\u00e9 de 3e cycle en relations industrielles de l\u2019Universit\u00e9 Laval, une ma\u00eetrise en \u00e9ducation (option administration) de l\u2019UQTR ainsi qu\u2019un microprogramme 2e cycle en \u00e9thique appliqu\u00e9e de l\u2019Universit\u00e9 de Sherbrooke.<!--more--><\/p>\n<p>Pendant plus de trente ann\u00e9es de carri\u00e8re, madame Dugr\u00e9 a occup\u00e9 plusieurs postes de cadre sup\u00e9rieur dont celui de directrice client\u00e8le sant\u00e9 physique et directrice des soins infirmiers au CSSS Lac-des-Deux-Montagnes, \u00e0 l\u2019int\u00e9rieur duquel elle fut responsable du Programme de lutte contre le cancer et a \u00e9tabli des partenariats avec des pharmacies pour le financement d\u2019un programme de soutien aux femmes atteintes de cancer, ce qui lui conf\u00e8re une vaste exp\u00e9rience du r\u00e9seau de la sant\u00e9 et, tout particuli\u00e8rement, en canc\u00e9rologie. Elle a \u00e9galement \u00e9t\u00e9 directrice adjointe au Service du personnel et charg\u00e9e de cours au d\u00e9partement d\u2019administration et d\u2019\u00e9conomique \u00e0 l\u2019UQTR, et directrice des programmes de sant\u00e9 physique et sant\u00e9 mentale pour le Regroupement Cloutier-du-Rivage.<\/p>\n<p>Ses habilet\u00e9s en communication, en recherche de m\u00eame qu\u2019en analyse, alli\u00e9es \u00e0 sa connaissance de l\u2019approche par r\u00e9sultats et des outils de gestion de projet, ont permis \u00e0 madame Dugr\u00e9 de diriger avec succ\u00e8s des projets de transformation de l\u2019organisation du travail ou d\u2019am\u00e9lioration de la performance dans plusieurs h\u00f4pitaux, dont des h\u00f4pitaux universitaires.<\/p>\n<p>Je suis tr\u00e8s heureuse que madame Dugr\u00e9 se joigne \u00e0 notre \u00e9quipe de gestionnaires, et ce, d\u00e8s le 6 mars prochain, et je lui souhaite la meilleure des chances dans l\u2019exercice de ses nouvelles fonctions.<\/p>\n<p>&nbsp;<\/p>\n<p>Madame Lyne Marquis<br \/>\nDirectrice des services multidisciplinaires et du programme de canc\u00e9rologie<\/p>\n<p>&nbsp;<\/p>\n","protected":false},"excerpt":{"rendered":"<p>Bonjour, C\u2019est avec plaisir que je vous annonce la nomination de madame Lucie Dugr\u00e9 au poste de coordonnatrice du CICM \u00e0 la Direction de la canc\u00e9rologie du CISSS de la Mont\u00e9r\u00e9gie-Centre. En plus de sa formation d\u2019infirmi\u00e8re, madame Dugr\u00e9 poss\u00e8de &hellip; <a href=\"https:\/\/santemc.quebec\/icentre\/nomination-de-la-coordonnatrice-du-cicm\/\">Continuer la lecture <span class=\"meta-nav\">&rarr;<\/span><\/a><\/p>\n","protected":false},"author":1,"featured_media":0,"comment_status":"open","ping_status":"closed","sticky":false,"template":"","format":"standard","meta":{"footnotes":""},"categories":[1],"tags":[8],"_links":{"self":[{"href":"https:\/\/santemc.quebec\/icentre\/wp-json\/wp\/v2\/posts\/4041"}],"collection":[{"href":"https:\/\/santemc.quebec\/icentre\/wp-json\/wp\/v2\/posts"}],"about":[{"href":"https:\/\/santemc.quebec\/icentre\/wp-json\/wp\/v2\/types\/post"}],"author":[{"embeddable":true,"href":"https:\/\/santemc.quebec\/icentre\/wp-json\/wp\/v2\/users\/1"}],"replies":[{"embeddable":true,"href":"https:\/\/santemc.quebec\/icentre\/wp-json\/wp\/v2\/comments?post=4041"}],"version-history":[{"count":1,"href":"https:\/\/santemc.quebec\/icentre\/wp-json\/wp\/v2\/posts\/4041\/revisions"}],"predecessor-version":[{"id":4042,"href":"https:\/\/santemc.quebec\/icentre\/wp-json\/wp\/v2\/posts\/4041\/revisions\/4042"}],"wp:attachment":[{"href":"https:\/\/santemc.quebec\/icentre\/wp-json\/wp\/v2\/media?parent=4041"}],"wp:term":[{"taxonomy":"category","embeddable":true,"href":"https:\/\/santemc.quebec\/icentre\/wp-json\/wp\/v2\/categories?post=4041"},{"taxonomy":"post_tag","embeddable":true,"href":"https:\/\/santemc.quebec\/icentre\/wp-json\/wp\/v2\/tags?post=4041"}],"curies":[{"name":"wp","href":"https:\/\/api.w.org\/{rel}","templated":true}]}}