{"id":4047,"date":"2017-02-16T10:35:45","date_gmt":"2017-02-16T15:35:45","guid":{"rendered":"http:\/\/santemc.quebec\/icentre\/?p=4047"},"modified":"2017-02-17T10:18:53","modified_gmt":"2017-02-17T15:18:53","slug":"de-la-visite-reconfortante-pour-les-patients-atteints-de-cancer","status":"publish","type":"post","link":"https:\/\/santemc.quebec\/icentre\/de-la-visite-reconfortante-pour-les-patients-atteints-de-cancer\/","title":{"rendered":"De la visite r\u00e9confortante pour les patients atteints de cancer"},"content":{"rendered":"<div id=\"attachment_4048\" style=\"width: 310px\" class=\"wp-caption alignleft\"><a href=\"http:\/\/santemc.quebec\/santemc\/icentre\/wp-content\/uploads\/2017\/02\/IMG_4794.jpg\"><img aria-describedby=\"caption-attachment-4048\" decoding=\"async\" loading=\"lazy\" class=\"wp-image-4048 size-medium\" src=\"http:\/\/santemc.quebec\/santemc\/icentre\/wp-content\/uploads\/2017\/02\/IMG_4794-300x148.jpg\" width=\"300\" height=\"148\" srcset=\"https:\/\/santemc.quebec\/santemc\/icentre\/wp-content\/uploads\/2017\/02\/IMG_4794-300x148.jpg 300w, https:\/\/santemc.quebec\/santemc\/icentre\/wp-content\/uploads\/2017\/02\/IMG_4794-768x380.jpg 768w, https:\/\/santemc.quebec\/santemc\/icentre\/wp-content\/uploads\/2017\/02\/IMG_4794-1024x507.jpg 1024w, https:\/\/santemc.quebec\/santemc\/icentre\/wp-content\/uploads\/2017\/02\/IMG_4794-500x247.jpg 500w, https:\/\/santemc.quebec\/santemc\/icentre\/wp-content\/uploads\/2017\/02\/IMG_4794.jpg 1336w\" sizes=\"(max-width: 300px) 100vw, 300px\" \/><\/a><p id=\"caption-attachment-4048\" class=\"wp-caption-text\">Sur la photo : Pascal Blanchard, enseignant; Martine Billy, infirmi\u00e8re chef par int\u00e9rim des unit\u00e9s de soins 4e sud et 1er F; Anne Plante, conseill\u00e8re-cadre en soins infirmiers<\/p><\/div>\n<p>Afin d\u2019insuffler une dose de bonheur pour la Saint-Valentin, des \u00e9l\u00e8ves de 5<sup>e<\/sup> ann\u00e9e de l\u2019\u00e9cole primaire Rabeau sont venues remettre, le 14 f\u00e9vrier dernier, des po\u00e8mes aux patients atteints de cancer de l\u2019H\u00f4pital Charles-Le Moyne. Initi\u00e9e par l\u2019enseignant, M. Pascal Blanchard, cette activit\u00e9 humaniste se voulait une opportunit\u00e9 pour les enfants d\u2019apporter leur soutien \u00e0 des personnes inconnues qui traversent une dure \u00e9preuve. Dans sa classe de 25 \u00e9l\u00e8ves, M. Blanchard a r\u00e9colt\u00e9 pr\u00e8s de 40 po\u00e8mes destin\u00e9s aux patients.<!--more--><\/p>\n<p>Choisies par leur professeur pour remettre et m\u00eame lire les po\u00e8mes, cinq ambassadrices ont visit\u00e9 les patients de la clinique externe d\u2019oncologie ainsi que les patients de l\u2019unit\u00e9 d\u2019h\u00e9mato-oncologie de l\u2019h\u00f4pital. Chacun a re\u00e7u un po\u00e8me des mains des enfants. Les infirmi\u00e8res de la clinique d&rsquo;oncologie et du 4e sud ont accueilli les enfants et les ont accompagn\u00e9es aupr\u00e8s des patients. L\u2019\u00e9motion \u00e9tait au rendez-vous en cette journ\u00e9e de l\u2019amour!<\/p>\n<p>&nbsp;<\/p>\n<p>&nbsp;<\/p>\n","protected":false},"excerpt":{"rendered":"<p>Afin d\u2019insuffler une dose de bonheur pour la Saint-Valentin, des \u00e9l\u00e8ves de 5e ann\u00e9e de l\u2019\u00e9cole primaire Rabeau sont venues remettre, le 14 f\u00e9vrier dernier, des po\u00e8mes aux patients atteints de cancer de l\u2019H\u00f4pital Charles-Le Moyne. Initi\u00e9e par l\u2019enseignant, M. &hellip; <a href=\"https:\/\/santemc.quebec\/icentre\/de-la-visite-reconfortante-pour-les-patients-atteints-de-cancer\/\">Continuer la lecture <span class=\"meta-nav\">&rarr;<\/span><\/a><\/p>\n","protected":false},"author":1,"featured_media":0,"comment_status":"open","ping_status":"closed","sticky":false,"template":"","format":"standard","meta":{"footnotes":""},"categories":[1],"tags":[],"_links":{"self":[{"href":"https:\/\/santemc.quebec\/icentre\/wp-json\/wp\/v2\/posts\/4047"}],"collection":[{"href":"https:\/\/santemc.quebec\/icentre\/wp-json\/wp\/v2\/posts"}],"about":[{"href":"https:\/\/santemc.quebec\/icentre\/wp-json\/wp\/v2\/types\/post"}],"author":[{"embeddable":true,"href":"https:\/\/santemc.quebec\/icentre\/wp-json\/wp\/v2\/users\/1"}],"replies":[{"embeddable":true,"href":"https:\/\/santemc.quebec\/icentre\/wp-json\/wp\/v2\/comments?post=4047"}],"version-history":[{"count":3,"href":"https:\/\/santemc.quebec\/icentre\/wp-json\/wp\/v2\/posts\/4047\/revisions"}],"predecessor-version":[{"id":4052,"href":"https:\/\/santemc.quebec\/icentre\/wp-json\/wp\/v2\/posts\/4047\/revisions\/4052"}],"wp:attachment":[{"href":"https:\/\/santemc.quebec\/icentre\/wp-json\/wp\/v2\/media?parent=4047"}],"wp:term":[{"taxonomy":"category","embeddable":true,"href":"https:\/\/santemc.quebec\/icentre\/wp-json\/wp\/v2\/categories?post=4047"},{"taxonomy":"post_tag","embeddable":true,"href":"https:\/\/santemc.quebec\/icentre\/wp-json\/wp\/v2\/tags?post=4047"}],"curies":[{"name":"wp","href":"https:\/\/api.w.org\/{rel}","templated":true}]}}