{"id":405,"date":"2015-06-17T13:00:15","date_gmt":"2015-06-17T17:00:15","guid":{"rendered":"http:\/\/santemc.quebec\/icentre\/?p=405"},"modified":"2015-06-16T15:44:15","modified_gmt":"2015-06-16T19:44:15","slug":"le-secteur-de-la-sterilisation-de-lhopital-du-haut-richelieu-demenage-temporairement-a-lhopital-pierre-boucher","status":"publish","type":"post","link":"https:\/\/santemc.quebec\/icentre\/le-secteur-de-la-sterilisation-de-lhopital-du-haut-richelieu-demenage-temporairement-a-lhopital-pierre-boucher\/","title":{"rendered":"Le secteur de la st\u00e9rilisation de l&rsquo;H\u00f4pital du Haut-Richelieu d\u00e9m\u00e9nage temporairement \u00e0 l&rsquo;H\u00f4pital Pierre-Boucher"},"content":{"rendered":"<p>\u00c0 compter du 22 juin 2015, la majeure partie du secteur de la st\u00e9rilisation de l\u2019H\u00f4pital du Haut-Richelieu sera relocalis\u00e9e pour une p\u00e9riode de trois semaines \u00e0 l\u2019ext\u00e9rieur de l\u2019\u00e9tablissement, soit \u00e0 l\u2019H\u00f4pital Pierre-Boucher de Longueuil. Cette mesure est n\u00e9cessaire en raison des travaux importants qui vont avoir lieu au sous-sol de l\u2019H\u00f4pital cet \u00e9t\u00e9. En effet, l\u2019entrepreneur devra d\u00e9molir partiellement le mur ext\u00e9rieur attenant \u00e0 la st\u00e9rilisation afin d\u2019arrimer le nouveau b\u00e2timent \u00e0 celui existant.<!--more--><\/p>\n<p>Un local de la st\u00e9rilisation sera toutefois conserv\u00e9 durant les travaux afin de permettre une d\u00e9contamination sommaire des dispositifs m\u00e9dicaux avant le transport vers l\u2019H\u00f4pital Pierre-Boucher. De plus, pour la dur\u00e9e des travaux, un quart de travail sera ajout\u00e9 afin d\u2019assurer la continuit\u00e9 du service.<\/p>\n<p>Vu le r\u00f4le essentiel de ce secteur pour garantir des soins de qualit\u00e9 et s\u00e9curitaires \u00e0 notre client\u00e8le, il est n\u00e9cessaire d\u2019effectuer la st\u00e9rilisation ailleurs durant les travaux pr\u00e9paratoires au chantier.<\/p>\n","protected":false},"excerpt":{"rendered":"<p>\u00c0 compter du 22 juin 2015, la majeure partie du secteur de la st\u00e9rilisation de l\u2019H\u00f4pital du Haut-Richelieu sera relocalis\u00e9e pour une p\u00e9riode de trois semaines \u00e0 l\u2019ext\u00e9rieur de l\u2019\u00e9tablissement, soit \u00e0 l\u2019H\u00f4pital Pierre-Boucher de Longueuil. Cette mesure est n\u00e9cessaire &hellip; <a href=\"https:\/\/santemc.quebec\/icentre\/le-secteur-de-la-sterilisation-de-lhopital-du-haut-richelieu-demenage-temporairement-a-lhopital-pierre-boucher\/\">Continuer la lecture <span class=\"meta-nav\">&rarr;<\/span><\/a><\/p>\n","protected":false},"author":1,"featured_media":0,"comment_status":"open","ping_status":"closed","sticky":false,"template":"","format":"standard","meta":{"footnotes":""},"categories":[1],"tags":[],"_links":{"self":[{"href":"https:\/\/santemc.quebec\/icentre\/wp-json\/wp\/v2\/posts\/405"}],"collection":[{"href":"https:\/\/santemc.quebec\/icentre\/wp-json\/wp\/v2\/posts"}],"about":[{"href":"https:\/\/santemc.quebec\/icentre\/wp-json\/wp\/v2\/types\/post"}],"author":[{"embeddable":true,"href":"https:\/\/santemc.quebec\/icentre\/wp-json\/wp\/v2\/users\/1"}],"replies":[{"embeddable":true,"href":"https:\/\/santemc.quebec\/icentre\/wp-json\/wp\/v2\/comments?post=405"}],"version-history":[{"count":1,"href":"https:\/\/santemc.quebec\/icentre\/wp-json\/wp\/v2\/posts\/405\/revisions"}],"predecessor-version":[{"id":406,"href":"https:\/\/santemc.quebec\/icentre\/wp-json\/wp\/v2\/posts\/405\/revisions\/406"}],"wp:attachment":[{"href":"https:\/\/santemc.quebec\/icentre\/wp-json\/wp\/v2\/media?parent=405"}],"wp:term":[{"taxonomy":"category","embeddable":true,"href":"https:\/\/santemc.quebec\/icentre\/wp-json\/wp\/v2\/categories?post=405"},{"taxonomy":"post_tag","embeddable":true,"href":"https:\/\/santemc.quebec\/icentre\/wp-json\/wp\/v2\/tags?post=405"}],"curies":[{"name":"wp","href":"https:\/\/api.w.org\/{rel}","templated":true}]}}