{"id":4064,"date":"2017-02-24T16:30:07","date_gmt":"2017-02-24T21:30:07","guid":{"rendered":"http:\/\/santemc.quebec\/icentre\/?p=4064"},"modified":"2017-02-24T16:33:47","modified_gmt":"2017-02-24T21:33:47","slug":"implantation-dune-premiere-super-clinique-en-monteregie","status":"publish","type":"post","link":"https:\/\/santemc.quebec\/icentre\/implantation-dune-premiere-super-clinique-en-monteregie\/","title":{"rendered":"Implantation d&rsquo;une premi\u00e8re super-clinique en Mont\u00e9r\u00e9gie"},"content":{"rendered":"<div style=\"width: 271px\" class=\"wp-caption alignleft\"><a href=\"https:\/\/pbs.twimg.com\/media\/C5cgxb7WYAEPkiP.jpg\"><img decoding=\"async\" loading=\"lazy\" class=\"\" src=\"https:\/\/pbs.twimg.com\/media\/C5cgxb7WYAEPkiP.jpg\" width=\"261\" height=\"196\" \/><\/a><p class=\"wp-caption-text\">Source : MSSS<\/p><\/div>\n<p>Afin d&rsquo;am\u00e9liorer l&rsquo;acc\u00e8s aux m\u00e9decins de famille, une premi\u00e8re super-clinique sera implant\u00e9e en Mont\u00e9r\u00e9gie, sur le territoire du Centre int\u00e9gr\u00e9 de sant\u00e9 et de services sociaux de la Mont\u00e9r\u00e9gie-Centre.<\/p>\n<p>Le ministre de la Sant\u00e9 et des Services sociaux, monsieur Ga\u00e9tan Barrette, ainsi que sa coll\u00e8gue, la pr\u00e9sidente du caucus et d\u00e9put\u00e9e de Laporte, madame Nicole M\u00e9nard, ont en effet annonc\u00e9 aujourd&rsquo;hui que le Groupe de m\u00e9decine de famille (GMF) Clinique Azur deviendra une super-clinique. Parmi les trois sites faisant partie du GMF, c&rsquo;est le site Clinique Azur qui a \u00e9t\u00e9 d\u00e9sign\u00e9 pour fournir les services de la super-clinique.<!--more--><\/p>\n<p>La super-clinique devra \u00eatre ouverte au moins 12 heures par jour, tous les jours de la semaine, pour un total hebdomadaire de 84 heures. Des services de pr\u00e9l\u00e8vements seront offerts sur place et les patients auront aussi acc\u00e8s \u00e0 des services d&rsquo;imagerie m\u00e9dicale directement \u00e0 la clinique. Cette d\u00e9signation est \u00e9galement conditionnelle \u00e0 l&rsquo;utilisation d&rsquo;un dossier m\u00e9dical \u00e9lectronique et \u00e0 l&rsquo;obligation de r\u00e9pondre aux besoins de la population en cas d&rsquo;une augmentation de la demande de services, par exemple lors de p\u00e9riodes d&rsquo;activit\u00e9 grippale.<\/p>\n<p><strong><br \/>\nCitations :<\/strong><\/p>\n<p>\u00ab L&rsquo;ouverture de cette super-clinique en Mont\u00e9r\u00e9gie, la troisi\u00e8me au Qu\u00e9bec, d\u00e9montre notre volont\u00e9 d&rsquo;am\u00e9liorer l&rsquo;accessibilit\u00e9 partout sur le territoire qu\u00e9b\u00e9cois. Je suis heureux que ce nouveau mode d&rsquo;organisation des services suscite l&rsquo;adh\u00e9sion d&rsquo;un nombre grandissant de m\u00e9decins, ce qui contribue \u00e0 am\u00e9liorer de mani\u00e8re concr\u00e8te l&rsquo;acc\u00e8s aux soins de premi\u00e8re ligne. \u00bb<\/p>\n<p>Ga\u00e9tan Barrette, ministre de la Sant\u00e9 et des Services sociaux<\/p>\n<p>\u00ab L&rsquo;implantation d&rsquo;une super-clinique vise \u00e0 combler des besoins de mani\u00e8re compl\u00e9mentaire \u00e0 l&rsquo;offre actuelle du r\u00e9seau, notamment celle des groupes de m\u00e9decine de famille, ce qui a un impact positif majeur sur l&rsquo;accessibilit\u00e9 des services offerts aux usagers. Je suis tr\u00e8s heureuse que les citoyens de Laporte puissent b\u00e9n\u00e9ficier d&rsquo;un tel service. \u00bb<\/p>\n<p>Nicole M\u00e9nard, pr\u00e9sidente du caucus et d\u00e9put\u00e9e de Laporte<\/p>\n<p>\u00ab L&rsquo;ouverture de la premi\u00e8re super-clinique en Mont\u00e9r\u00e9gie est une excellente nouvelle pour les citoyens de la r\u00e9gion. J&rsquo;esp\u00e8re que d&rsquo;autres cliniques et professionnels se joindront rapidement au mouvement afin que nous soyons en mesure de toujours mieux desservir les Mont\u00e9r\u00e9giens. \u00bb<\/p>\n<p>Lucie Charlebois, ministre d\u00e9l\u00e9gu\u00e9e \u00e0 la R\u00e9adaptation, \u00e0 la Protection de la jeunesse, \u00e0 la Sant\u00e9 publique et aux Saines habitudes de vie, ministre responsable de la r\u00e9gion de la Mont\u00e9r\u00e9gie<\/p>\n<p><strong><br \/>\nFaits saillants <\/strong>:<\/p>\n<p>La super-clinique du GMF Clinique Azur devra \u00e9galement r\u00e9pondre \u00e0 d&rsquo;autres exigences, notamment :<\/p>\n<ul>\n<li>fournir un minimum de 50 000 consultations par ann\u00e9e \u00e0 des patients qui ne sont pas inscrits aupr\u00e8s des m\u00e9decins de la super-clinique;<\/li>\n<li>fournir ses services au patient le jour m\u00eame de sa visite, ou d\u00e8s le lendemain, si le rendez-vous est pris trois heures avant la fermeture.<\/li>\n<\/ul>\n<p>Rappelons que le statut de super-clinique doit \u00eatre r\u00e9vis\u00e9 une fois par ann\u00e9e en regard de ces exigences, et que des manquements r\u00e9p\u00e9t\u00e9s peuvent entra\u00eener un retrait de financement.<\/p>\n<p>Source : minist\u00e8re de la Sant\u00e9 et des Services sociaux<\/p>\n<p>&nbsp;<\/p>\n<p>&nbsp;<\/p>\n","protected":false},"excerpt":{"rendered":"<p>Afin d&rsquo;am\u00e9liorer l&rsquo;acc\u00e8s aux m\u00e9decins de famille, une premi\u00e8re super-clinique sera implant\u00e9e en Mont\u00e9r\u00e9gie, sur le territoire du Centre int\u00e9gr\u00e9 de sant\u00e9 et de services sociaux de la Mont\u00e9r\u00e9gie-Centre. Le ministre de la Sant\u00e9 et des Services sociaux, monsieur Ga\u00e9tan &hellip; <a href=\"https:\/\/santemc.quebec\/icentre\/implantation-dune-premiere-super-clinique-en-monteregie\/\">Continuer la lecture <span class=\"meta-nav\">&rarr;<\/span><\/a><\/p>\n","protected":false},"author":1,"featured_media":0,"comment_status":"open","ping_status":"closed","sticky":false,"template":"","format":"standard","meta":{"footnotes":""},"categories":[1],"tags":[],"_links":{"self":[{"href":"https:\/\/santemc.quebec\/icentre\/wp-json\/wp\/v2\/posts\/4064"}],"collection":[{"href":"https:\/\/santemc.quebec\/icentre\/wp-json\/wp\/v2\/posts"}],"about":[{"href":"https:\/\/santemc.quebec\/icentre\/wp-json\/wp\/v2\/types\/post"}],"author":[{"embeddable":true,"href":"https:\/\/santemc.quebec\/icentre\/wp-json\/wp\/v2\/users\/1"}],"replies":[{"embeddable":true,"href":"https:\/\/santemc.quebec\/icentre\/wp-json\/wp\/v2\/comments?post=4064"}],"version-history":[{"count":5,"href":"https:\/\/santemc.quebec\/icentre\/wp-json\/wp\/v2\/posts\/4064\/revisions"}],"predecessor-version":[{"id":4072,"href":"https:\/\/santemc.quebec\/icentre\/wp-json\/wp\/v2\/posts\/4064\/revisions\/4072"}],"wp:attachment":[{"href":"https:\/\/santemc.quebec\/icentre\/wp-json\/wp\/v2\/media?parent=4064"}],"wp:term":[{"taxonomy":"category","embeddable":true,"href":"https:\/\/santemc.quebec\/icentre\/wp-json\/wp\/v2\/categories?post=4064"},{"taxonomy":"post_tag","embeddable":true,"href":"https:\/\/santemc.quebec\/icentre\/wp-json\/wp\/v2\/tags?post=4064"}],"curies":[{"name":"wp","href":"https:\/\/api.w.org\/{rel}","templated":true}]}}