{"id":4066,"date":"2017-02-24T16:31:12","date_gmt":"2017-02-24T21:31:12","guid":{"rendered":"http:\/\/santemc.quebec\/icentre\/?p=4066"},"modified":"2017-02-24T16:33:01","modified_gmt":"2017-02-24T21:33:01","slug":"investissements-pour-diminuer-lattente-dans-les-urgences-96-nouvelles-places-dhebergement-en-monteregie-centre","status":"publish","type":"post","link":"https:\/\/santemc.quebec\/icentre\/investissements-pour-diminuer-lattente-dans-les-urgences-96-nouvelles-places-dhebergement-en-monteregie-centre\/","title":{"rendered":"Investissements pour diminuer l&rsquo;attente dans les urgences &#8211; 96 nouvelles places d\u2019h\u00e9bergement en Mont\u00e9r\u00e9gie-Centre"},"content":{"rendered":"<div style=\"width: 301px\" class=\"wp-caption alignleft\"><a href=\"http:\/\/pbs.twimg.com\/media\/C5dGODVXMAE2cj2.jpg\"><img decoding=\"async\" loading=\"lazy\" src=\"http:\/\/pbs.twimg.com\/media\/C5dGODVXMAE2cj2.jpg\" width=\"291\" height=\"221\" \/><\/a><p class=\"wp-caption-text\">Source : MSSS<\/p><\/div>\n<p>Le ministre de la Sant\u00e9 et des Services sociaux, monsieur Ga\u00e9tan Barrette, et la ministre responsable de la r\u00e9gion de la Mont\u00e9r\u00e9gie, madame Lucie Charlebois, annoncent une aide financi\u00e8re de 6,3 M$ pour le territoire de la Mont\u00e9r\u00e9gie-Centre. Ce montant servira \u00e0 la cr\u00e9ation de 96 places pour les personnes qui sont en attente de services en h\u00e9bergement, en r\u00e9adaptation et en convalescence, de m\u00eame qu\u2019en sant\u00e9 mentale, et \u00e0 l\u2019ajout d\u2019effectifs en centre d\u2019h\u00e9bergement et de soins de longue dur\u00e9e (CHSLD).<!--more--><\/p>\n<p><strong>5,4 M$ pour lib\u00e9rer des lits de soins actifs dans les centres hospitaliers<\/strong><br \/>\nConcr\u00e8tement, le territoire de la Mont\u00e9r\u00e9gie-Centre recevra un montant de 5,4 M$ pour financer l\u2019ajout de 96 places en CHSLD, dont :<\/p>\n<ul>\n<li>2 unit\u00e9s de 32 lits d&rsquo;h\u00e9bergement pour personnes \u00e2g\u00e9es en lourde perte d&rsquo;autonomie avec profil Iso-SMAF de 11 \u00e0 14;<\/li>\n<li>1 unit\u00e9 de 32 lits d&rsquo;h\u00e9bergement pour personnes \u00e2g\u00e9es en perte d&rsquo;autonomie, dont 18 avec profil sant\u00e9 mentale et 14 avec profil troubles de comportement.<\/li>\n<\/ul>\n<p>Ces 96 nouvelles places en CHSLD seront bient\u00f4t cr\u00e9\u00e9es \u00e0 la suite d\u2019un appel d\u2019offres. Ainsi, ce sont autant de lits de soins aigus qui se lib\u00e8reront dans les centres hospitaliers de la r\u00e9gion. Cette initiative d\u00e9coule directement de l\u2019investissement de 100 M$ annonc\u00e9 le 7 d\u00e9cembre dernier, visant \u00e0 d\u00e9sengorger les urgences et diminuer les listes d\u2019attente pour les chirurgies n\u00e9cessitant une hospitalisation.<\/p>\n<p>\u00ab En offrant un acc\u00e8s plus rapide \u00e0 ces types de services, non seulement nous donnons une r\u00e9ponse pr\u00e9cise aux besoins de la population, et particuli\u00e8rement aux personnes \u00e2g\u00e9es, mais nous venons favoriser l\u2019utilisation optimale des lits de courte dur\u00e9e dans les centres hospitaliers. Ceux-ci doivent \u00eatre utilis\u00e9s pour des patients qui n\u00e9cessitent des soins aigus, non pas pour ceux qui requi\u00e8rent des soins chroniques ou continus \u00bb, a d\u00e9clar\u00e9 le ministre Ga\u00e9tan Barrette.<\/p>\n<p><strong>873 600 $ pour l\u2019ajout d\u2019effectifs en CHSLD<\/strong><br \/>\nPour soutenir cette offre de service accrue et plus pr\u00e9cis\u00e9ment en vue d\u2019am\u00e9liorer les soins et les services offerts dans les CHSLD, les deux ministres ont \u00e9galement annonc\u00e9 un investissement de 873 600 $ destin\u00e9 \u00e0 l\u2019embauche de personnel. Cela repr\u00e9sentera environ 17 personnes de plus dans les CHSLD du territoire de la Mont\u00e9r\u00e9gie-Centre, qui occuperont des postes de pr\u00e9pos\u00e9s aux b\u00e9n\u00e9ficiaires, d\u2019infirmi\u00e8res auxiliaires ou d\u2019infirmi\u00e8res. Rappelons qu\u2019un investissement additionnel 65 M$ pour l\u2019ajout de ces types de ressources dans l\u2019ensemble du Qu\u00e9bec avait \u00e9t\u00e9 annonc\u00e9 \u00e0 l\u2019issue du Forum sur les meilleures pratiques en CHSLD, tenu en novembre dernier<\/p>\n<p>\u00ab Les investissements annonc\u00e9s aujourd\u2019hui en Mont\u00e9r\u00e9gie auront des impacts positifs sur l\u2019attente dans nos urgences, tout en r\u00e9pondant aux besoins des personnes a\u00een\u00e9es. Dans une r\u00e9gion comme la n\u00f4tre o\u00f9 la population est en forte croissance, ils sont d\u2019autant plus n\u00e9cessaires. Depuis des mois, nous multiplions les initiatives pour faire en sorte que chaque personne re\u00e7oive les bons services, aux bons endroits, selon son \u00e9tat de sant\u00e9. L\u2019annonce d\u2019aujourd\u2019hui en t\u00e9moigne \u00bb, a conclu la ministre Lucie Charlebois.<\/p>\n<p>Source : minist\u00e8re de la Sant\u00e9 et des Services sociaux<\/p>\n<p>&nbsp;<\/p>\n","protected":false},"excerpt":{"rendered":"<p>Le ministre de la Sant\u00e9 et des Services sociaux, monsieur Ga\u00e9tan Barrette, et la ministre responsable de la r\u00e9gion de la Mont\u00e9r\u00e9gie, madame Lucie Charlebois, annoncent une aide financi\u00e8re de 6,3 M$ pour le territoire de la Mont\u00e9r\u00e9gie-Centre. Ce montant &hellip; <a href=\"https:\/\/santemc.quebec\/icentre\/investissements-pour-diminuer-lattente-dans-les-urgences-96-nouvelles-places-dhebergement-en-monteregie-centre\/\">Continuer la lecture <span class=\"meta-nav\">&rarr;<\/span><\/a><\/p>\n","protected":false},"author":1,"featured_media":0,"comment_status":"open","ping_status":"closed","sticky":false,"template":"","format":"standard","meta":{"footnotes":""},"categories":[1],"tags":[],"_links":{"self":[{"href":"https:\/\/santemc.quebec\/icentre\/wp-json\/wp\/v2\/posts\/4066"}],"collection":[{"href":"https:\/\/santemc.quebec\/icentre\/wp-json\/wp\/v2\/posts"}],"about":[{"href":"https:\/\/santemc.quebec\/icentre\/wp-json\/wp\/v2\/types\/post"}],"author":[{"embeddable":true,"href":"https:\/\/santemc.quebec\/icentre\/wp-json\/wp\/v2\/users\/1"}],"replies":[{"embeddable":true,"href":"https:\/\/santemc.quebec\/icentre\/wp-json\/wp\/v2\/comments?post=4066"}],"version-history":[{"count":2,"href":"https:\/\/santemc.quebec\/icentre\/wp-json\/wp\/v2\/posts\/4066\/revisions"}],"predecessor-version":[{"id":4071,"href":"https:\/\/santemc.quebec\/icentre\/wp-json\/wp\/v2\/posts\/4066\/revisions\/4071"}],"wp:attachment":[{"href":"https:\/\/santemc.quebec\/icentre\/wp-json\/wp\/v2\/media?parent=4066"}],"wp:term":[{"taxonomy":"category","embeddable":true,"href":"https:\/\/santemc.quebec\/icentre\/wp-json\/wp\/v2\/categories?post=4066"},{"taxonomy":"post_tag","embeddable":true,"href":"https:\/\/santemc.quebec\/icentre\/wp-json\/wp\/v2\/tags?post=4066"}],"curies":[{"name":"wp","href":"https:\/\/api.w.org\/{rel}","templated":true}]}}