{"id":4074,"date":"2017-02-28T14:12:08","date_gmt":"2017-02-28T19:12:08","guid":{"rendered":"http:\/\/santemc.quebec\/icentre\/?p=4074"},"modified":"2017-02-28T14:20:40","modified_gmt":"2017-02-28T19:20:40","slug":"depart-de-m-jean-mercier-comme-membre-du-conseil-dadministration","status":"publish","type":"post","link":"https:\/\/santemc.quebec\/icentre\/depart-de-m-jean-mercier-comme-membre-du-conseil-dadministration\/","title":{"rendered":"D\u00e9part de M. Jean Mercier comme membre du conseil d\u2019administration"},"content":{"rendered":"<div id=\"attachment_4077\" style=\"width: 310px\" class=\"wp-caption alignleft\"><a href=\"http:\/\/santemc.quebec\/santemc\/icentre\/wp-content\/uploads\/2017\/02\/Photo-Jean-Mercier_Membre-du-CA_D\u00e9part.jpg\"><img aria-describedby=\"caption-attachment-4077\" decoding=\"async\" loading=\"lazy\" class=\"wp-image-4077 size-medium\" src=\"http:\/\/santemc.quebec\/santemc\/icentre\/wp-content\/uploads\/2017\/02\/Photo-Jean-Mercier_Membre-du-CA_D\u00e9part-300x225.jpg\" width=\"300\" height=\"225\" srcset=\"https:\/\/santemc.quebec\/santemc\/icentre\/wp-content\/uploads\/2017\/02\/Photo-Jean-Mercier_Membre-du-CA_D\u00e9part-300x225.jpg 300w, https:\/\/santemc.quebec\/santemc\/icentre\/wp-content\/uploads\/2017\/02\/Photo-Jean-Mercier_Membre-du-CA_D\u00e9part-400x300.jpg 400w, https:\/\/santemc.quebec\/santemc\/icentre\/wp-content\/uploads\/2017\/02\/Photo-Jean-Mercier_Membre-du-CA_D\u00e9part.jpg 640w\" sizes=\"(max-width: 300px) 100vw, 300px\" \/><\/a><p id=\"caption-attachment-4077\" class=\"wp-caption-text\">\u00c0 l\u2019occasion de sa derni\u00e8re participation au conseil d\u2019administration de l\u2019\u00e9tablissement, l\u2019engagement de M. Mercier \u00e9tait soulign\u00e9 par la remise d\u2019une plaque hommage. Sur la photo, de gauche \u00e0 droite : M. Richard Deschamps, PDG du CISSS de la Mont\u00e9r\u00e9gie-Centre, M. Mercier et M. Pierre Boucher, pr\u00e9sident du CA.<\/p><\/div>\n<p>Bonjour,<\/p>\n<p>C\u2019est avec regret que je vous informe du d\u00e9part de M. Jean Mercier, qui agissait \u00e0 titre de repr\u00e9sentant du comit\u00e9 des usagers au sein de notre conseil d\u2019administration. Au cours des 10 derni\u00e8res ann\u00e9es, M. Mercier avait successivement si\u00e9g\u00e9 aux conseils d\u2019administration de l\u2019H\u00f4pital Charles-Le Moyne, du CSSS Champlain\u2014Charles-Le Moyne et plus r\u00e9cemment de notre CISSS.<!--more--> Il \u00e9tait l\u2019un des membres fondateurs du comit\u00e9 des usagers \u00e0 l\u2019H\u00f4pital Charles-Le Moyne suivant la cr\u00e9ation de cette instance en 2006.<\/p>\n<p>Tr\u00e8s engag\u00e9 \u00e0 l\u2019\u00e9gard des droits des usagers, M. Mercier s\u2019est impliqu\u00e9 d\u00e8s son entr\u00e9e en fonction au conseil d\u2019administration au sein du comit\u00e9 de vigilance et de la qualit\u00e9, qu\u2019il pr\u00e9sidait depuis janvier 2016. Au cours de son passage, il a vivement contribu\u00e9 au maintien et au d\u00e9veloppement de la culture de qualit\u00e9 au sein de l\u2019\u00e9tablissement en \u00e9troite collaboration avec la commissaire locale aux plaintes et \u00e0 la qualit\u00e9 des services ainsi qu\u2019avec la Direction qualit\u00e9, \u00e9valuation, performance, \u00e9thique et Lean. R\u00e9cemment, il participait avec int\u00e9r\u00eat et enthousiasme aux consultations entourant la refonte du code d\u2019\u00e9thique de l\u2019\u00e9tablissement.<\/p>\n<p>Que ce soit par sa carri\u00e8re d\u2019enseignant, de directeur d\u2019\u00e9cole ou comme repr\u00e9sentant au sein de divers conseil d\u2019administration d\u2019\u00e9tablissements et d\u2019organismes, M. Mercier a toujours eu \u00e0 c\u0153ur sa participation citoyenne. Dans tous les projets auxquels il s\u2019est associ\u00e9, il a d\u00e9montr\u00e9 un grand sens des valeurs, beaucoup de disponibilit\u00e9 et d\u2019\u00e9coute.<\/p>\n<p>Nous lui souhaitons la meilleure des chances dans la r\u00e9alisation de ses futurs projets.<\/p>\n<p>Richard Deschamps<br \/>\nPr\u00e9sident-directeur g\u00e9n\u00e9ral<\/p>\n","protected":false},"excerpt":{"rendered":"<p>Bonjour, C\u2019est avec regret que je vous informe du d\u00e9part de M. Jean Mercier, qui agissait \u00e0 titre de repr\u00e9sentant du comit\u00e9 des usagers au sein de notre conseil d\u2019administration. Au cours des 10 derni\u00e8res ann\u00e9es, M. Mercier avait successivement &hellip; <a href=\"https:\/\/santemc.quebec\/icentre\/depart-de-m-jean-mercier-comme-membre-du-conseil-dadministration\/\">Continuer la lecture <span class=\"meta-nav\">&rarr;<\/span><\/a><\/p>\n","protected":false},"author":8,"featured_media":0,"comment_status":"open","ping_status":"closed","sticky":false,"template":"","format":"standard","meta":{"footnotes":""},"categories":[1],"tags":[],"_links":{"self":[{"href":"https:\/\/santemc.quebec\/icentre\/wp-json\/wp\/v2\/posts\/4074"}],"collection":[{"href":"https:\/\/santemc.quebec\/icentre\/wp-json\/wp\/v2\/posts"}],"about":[{"href":"https:\/\/santemc.quebec\/icentre\/wp-json\/wp\/v2\/types\/post"}],"author":[{"embeddable":true,"href":"https:\/\/santemc.quebec\/icentre\/wp-json\/wp\/v2\/users\/8"}],"replies":[{"embeddable":true,"href":"https:\/\/santemc.quebec\/icentre\/wp-json\/wp\/v2\/comments?post=4074"}],"version-history":[{"count":2,"href":"https:\/\/santemc.quebec\/icentre\/wp-json\/wp\/v2\/posts\/4074\/revisions"}],"predecessor-version":[{"id":4080,"href":"https:\/\/santemc.quebec\/icentre\/wp-json\/wp\/v2\/posts\/4074\/revisions\/4080"}],"wp:attachment":[{"href":"https:\/\/santemc.quebec\/icentre\/wp-json\/wp\/v2\/media?parent=4074"}],"wp:term":[{"taxonomy":"category","embeddable":true,"href":"https:\/\/santemc.quebec\/icentre\/wp-json\/wp\/v2\/categories?post=4074"},{"taxonomy":"post_tag","embeddable":true,"href":"https:\/\/santemc.quebec\/icentre\/wp-json\/wp\/v2\/tags?post=4074"}],"curies":[{"name":"wp","href":"https:\/\/api.w.org\/{rel}","templated":true}]}}