{"id":4075,"date":"2017-02-28T14:04:28","date_gmt":"2017-02-28T19:04:28","guid":{"rendered":"http:\/\/santemc.quebec\/icentre\/?p=4075"},"modified":"2017-02-28T14:05:10","modified_gmt":"2017-02-28T19:05:10","slug":"nomination-de-la-responsable-des-services-de-sage-femme","status":"publish","type":"post","link":"https:\/\/santemc.quebec\/icentre\/nomination-de-la-responsable-des-services-de-sage-femme\/","title":{"rendered":"Nomination de la responsable des services de sage-femme"},"content":{"rendered":"<p>Bonjour,<\/p>\n<p>C\u2019est avec plaisir que je vous annonce la nomination de madame C\u00e9cile Masson au poste de responsable des services de sage-femme du CISSS de la Mont\u00e9r\u00e9gie-Centre. Sage-femme chevronn\u00e9e ayant pratiqu\u00e9 en France, en Suisse, ainsi qu\u2019au Qu\u00e9bec pendant plus de 20 ans, Mme Masson \u00e9volue au sein de notre \u00e9tablissement depuis 2011. <!--more--><\/p>\n<p>D\u00e9tentrice d\u2019un dipl\u00f4me d\u2019\u00c9tat Fran\u00e7ais de sage-femme et membre de l\u2019Ordre des sages-femmes du Qu\u00e9bec, elle poss\u00e8de une excellente connaissance des services de sage-femme offerts en Mont\u00e9r\u00e9gie.<\/p>\n<p>Depuis octobre 2015, Mme Masson assumait l\u2019int\u00e9rim du poste de responsable des services de sage-femme. Durant cette p\u00e9riode, elle a su faire preuve d\u2019engagement en assurant le maintien de la qualit\u00e9 des services \u00e0 la population, la coh\u00e9sion de son \u00e9quipe et la collaboration avec les directions partenaires de notre organisation.<\/p>\n<p>Je lui souhaite tout le succ\u00e8s voulu dans l\u2019exercice de ses nouvelles fonctions.<\/p>\n<p>Richard Deschamps<br \/>\nPr\u00e9sident-directeur g\u00e9n\u00e9ral<\/p>\n<p>&nbsp;<\/p>\n","protected":false},"excerpt":{"rendered":"<p>Bonjour, C\u2019est avec plaisir que je vous annonce la nomination de madame C\u00e9cile Masson au poste de responsable des services de sage-femme du CISSS de la Mont\u00e9r\u00e9gie-Centre. Sage-femme chevronn\u00e9e ayant pratiqu\u00e9 en France, en Suisse, ainsi qu\u2019au Qu\u00e9bec pendant plus &hellip; <a href=\"https:\/\/santemc.quebec\/icentre\/nomination-de-la-responsable-des-services-de-sage-femme\/\">Continuer la lecture <span class=\"meta-nav\">&rarr;<\/span><\/a><\/p>\n","protected":false},"author":1,"featured_media":0,"comment_status":"open","ping_status":"closed","sticky":false,"template":"","format":"standard","meta":{"footnotes":""},"categories":[1],"tags":[],"_links":{"self":[{"href":"https:\/\/santemc.quebec\/icentre\/wp-json\/wp\/v2\/posts\/4075"}],"collection":[{"href":"https:\/\/santemc.quebec\/icentre\/wp-json\/wp\/v2\/posts"}],"about":[{"href":"https:\/\/santemc.quebec\/icentre\/wp-json\/wp\/v2\/types\/post"}],"author":[{"embeddable":true,"href":"https:\/\/santemc.quebec\/icentre\/wp-json\/wp\/v2\/users\/1"}],"replies":[{"embeddable":true,"href":"https:\/\/santemc.quebec\/icentre\/wp-json\/wp\/v2\/comments?post=4075"}],"version-history":[{"count":2,"href":"https:\/\/santemc.quebec\/icentre\/wp-json\/wp\/v2\/posts\/4075\/revisions"}],"predecessor-version":[{"id":4078,"href":"https:\/\/santemc.quebec\/icentre\/wp-json\/wp\/v2\/posts\/4075\/revisions\/4078"}],"wp:attachment":[{"href":"https:\/\/santemc.quebec\/icentre\/wp-json\/wp\/v2\/media?parent=4075"}],"wp:term":[{"taxonomy":"category","embeddable":true,"href":"https:\/\/santemc.quebec\/icentre\/wp-json\/wp\/v2\/categories?post=4075"},{"taxonomy":"post_tag","embeddable":true,"href":"https:\/\/santemc.quebec\/icentre\/wp-json\/wp\/v2\/tags?post=4075"}],"curies":[{"name":"wp","href":"https:\/\/api.w.org\/{rel}","templated":true}]}}