{"id":409,"date":"2015-06-19T11:27:36","date_gmt":"2015-06-19T15:27:36","guid":{"rendered":"http:\/\/santemc.quebec\/icentre\/?p=409"},"modified":"2015-06-22T11:29:23","modified_gmt":"2015-06-22T15:29:23","slug":"nomination-de-la-directrice-adjointe-des-services-multidisciplinaires-qualite-et-evolution-de-la-pratique","status":"publish","type":"post","link":"https:\/\/santemc.quebec\/icentre\/nomination-de-la-directrice-adjointe-des-services-multidisciplinaires-qualite-et-evolution-de-la-pratique\/","title":{"rendered":"Nomination de la directrice adjointe des services multidisciplinaires \u2013 Qualit\u00e9 et \u00e9volution de la pratique"},"content":{"rendered":"<p>C\u2019est avec plaisir que je vous annonce la nomination de madame Brigitte Brabant au poste de directrice adjointe des services multidisciplinaires \u2013 Qualit\u00e9 et \u00e9volution de la pratique pour le CISSS de la Mont\u00e9r\u00e9gie-Centre. Madame Brabant d\u00e9tient un baccalaur\u00e9at en psychologie, une ma\u00eetrise en sexologie \u2013 counseling, une ma\u00eetrise en administration publique ainsi qu\u2019un Fellow FORCES de la Fondation canadienne pour l\u2019am\u00e9lioration des services de sant\u00e9. Elle oeuvre dans le r\u00e9seau de la sant\u00e9 et des services sociaux mont\u00e9r\u00e9gien depuis une quinzaine d\u2019ann\u00e9es.<!--more--><\/p>\n<p>Tout r\u00e9cemment, elle agissait \u00e0 titre de directrice int\u00e9rimaire soutien \u00e0 l\u2019autonomie des personnes \u00e2g\u00e9es et d\u00e9ficience physique au CISSS de la Mont\u00e9r\u00e9gie-Centre. Auparavant, elle occupait les fonctions de coordonnatrice du secteur perte d\u2019autonomie, vieillissement, h\u00e9bergement et reddition de comptes \u00e0 l\u2019Agence de la sant\u00e9 et des services sociaux de la Mont\u00e9r\u00e9gie. Madame Brabant a aussi occup\u00e9 divers postes au CSSS La Pommeraie et au CSSS Haut-Richelieu \u2013 Rouville, dont celui de commissaire locale aux plaintes et \u00e0 la qualit\u00e9 des services et de chef clinico-administratif du programme \u00ab lutte contre le cancer \u00bb.<\/p>\n<p>Dynamique et d\u00e9termin\u00e9e, Madame Brabant s\u2019int\u00e9resse tout particuli\u00e8rement \u00e0 l\u2019am\u00e9lioration de la performance par l\u2019application des meilleures pratiques et \u00e0 l\u2019utilisation de donn\u00e9es probantes tout en assurant des soins et des services de qualit\u00e9 et s\u00e9curitaires. De plus, ses talents de communicatrice et d\u2019organisatrice l\u2019ont amen\u00e9 \u00e0 animer plusieurs colloques et ateliers dans le r\u00e9seau de la sant\u00e9.<\/p>\n<p>Madame Brabant entrera en fonction le 6 juillet prochain.<\/p>\n<p>Nous sommes tr\u00e8s heureux qu\u2019elle se joigne \u00e0 l\u2019\u00e9quipe de direction du CISSS de la Mont\u00e9r\u00e9gie-Centre et nous lui souhaitons la meilleure des chances dans l\u2019exercice de ses nouvelles fonctions, et tout le succ\u00e8s voulu dans la poursuite de sa carri\u00e8re.<\/p>\n","protected":false},"excerpt":{"rendered":"<p>C\u2019est avec plaisir que je vous annonce la nomination de madame Brigitte Brabant au poste de directrice adjointe des services multidisciplinaires \u2013 Qualit\u00e9 et \u00e9volution de la pratique pour le CISSS de la Mont\u00e9r\u00e9gie-Centre. Madame Brabant d\u00e9tient un baccalaur\u00e9at en &hellip; <a href=\"https:\/\/santemc.quebec\/icentre\/nomination-de-la-directrice-adjointe-des-services-multidisciplinaires-qualite-et-evolution-de-la-pratique\/\">Continuer la lecture <span class=\"meta-nav\">&rarr;<\/span><\/a><\/p>\n","protected":false},"author":1,"featured_media":0,"comment_status":"open","ping_status":"closed","sticky":false,"template":"","format":"standard","meta":{"footnotes":""},"categories":[2],"tags":[8],"_links":{"self":[{"href":"https:\/\/santemc.quebec\/icentre\/wp-json\/wp\/v2\/posts\/409"}],"collection":[{"href":"https:\/\/santemc.quebec\/icentre\/wp-json\/wp\/v2\/posts"}],"about":[{"href":"https:\/\/santemc.quebec\/icentre\/wp-json\/wp\/v2\/types\/post"}],"author":[{"embeddable":true,"href":"https:\/\/santemc.quebec\/icentre\/wp-json\/wp\/v2\/users\/1"}],"replies":[{"embeddable":true,"href":"https:\/\/santemc.quebec\/icentre\/wp-json\/wp\/v2\/comments?post=409"}],"version-history":[{"count":1,"href":"https:\/\/santemc.quebec\/icentre\/wp-json\/wp\/v2\/posts\/409\/revisions"}],"predecessor-version":[{"id":410,"href":"https:\/\/santemc.quebec\/icentre\/wp-json\/wp\/v2\/posts\/409\/revisions\/410"}],"wp:attachment":[{"href":"https:\/\/santemc.quebec\/icentre\/wp-json\/wp\/v2\/media?parent=409"}],"wp:term":[{"taxonomy":"category","embeddable":true,"href":"https:\/\/santemc.quebec\/icentre\/wp-json\/wp\/v2\/categories?post=409"},{"taxonomy":"post_tag","embeddable":true,"href":"https:\/\/santemc.quebec\/icentre\/wp-json\/wp\/v2\/tags?post=409"}],"curies":[{"name":"wp","href":"https:\/\/api.w.org\/{rel}","templated":true}]}}