{"id":41,"date":"2015-04-24T20:12:22","date_gmt":"2015-04-24T19:12:22","guid":{"rendered":"http:\/\/santemc.quebec\/journal\/?p=41"},"modified":"2015-05-06T13:26:23","modified_gmt":"2015-05-06T17:26:23","slug":"nomination-de-la-directrice-des-services-multidisciplinaires","status":"publish","type":"post","link":"https:\/\/santemc.quebec\/icentre\/nomination-de-la-directrice-des-services-multidisciplinaires\/","title":{"rendered":"Nomination de la directrice des services multidisciplinaires"},"content":{"rendered":"<p>C\u2019est avec plaisir que je vous annonce la nomination de madame Lyne Marquis au poste de directrice des services multidisciplinaires pour le CISSS de la Mont\u00e9r\u00e9gie-Centre. Madame Marquis, qui d\u00e9tient notamment une ma\u00eetrise en sciences de l\u2019administration, un dipl\u00f4me de 2e cycle d\u2019\u00e9tudes sup\u00e9rieures en gestion du d\u00e9veloppement organisationnel et un DEC en \u00e9lectrophysiologie m\u00e9dicale, occupait, depuis 2013, les fonctions de Directrice canc\u00e9rologie-chirurgie-p\u00e9diatrie et obst\u00e9trique, de m\u00eame que de Directrice m\u00e9decine-urgence par int\u00e9rim au CSSS Champlain\u2013Charles-Le Moyne.<!--more--><\/p>\n<p>Au cours de sa carri\u00e8re, madame Marquis a occup\u00e9 plusieurs postes de gestionnaires au sein d\u2019\u00e9tablissements du r\u00e9seau de la sant\u00e9 et des services sociaux dont au Centre hospitalier universitaire de Montr\u00e9al (\u00e0 la Direction des regroupements client\u00e8les et \u00e0 la Direction des services hospitaliers) et au Centre hospitalier Anna-Laberge en \u00e9lectrophysiologie m\u00e9dicale. De plus, elle a \u00e9galement \u00e9t\u00e9 enseignante en \u00e9lectrophysiologie m\u00e9dicale au Coll\u00e8ge Ahunstic. Tout au long des derni\u00e8res ann\u00e9es, elle a pilot\u00e9 de nombreux projets d\u2019am\u00e9lioration, d\u2019implantation, et d\u2019organisation de soins et services.<\/p>\n<p>Veuillez noter que madame Marquis entrera en fonction le 17 mai prochain.<br \/>\nNous lui souhaitons la meilleure des chances dans l\u2019exercice de ses nouvelles fonctions et tout le succ\u00e8s voulu dans la poursuite de sa carri\u00e8re.<\/p>\n","protected":false},"excerpt":{"rendered":"<p>C\u2019est avec plaisir que je vous annonce la nomination de madame Lyne Marquis au poste de directrice des services multidisciplinaires pour le CISSS de la Mont\u00e9r\u00e9gie-Centre. Madame Marquis, qui d\u00e9tient notamment une ma\u00eetrise en sciences de l\u2019administration, un dipl\u00f4me de &hellip; <a href=\"https:\/\/santemc.quebec\/icentre\/nomination-de-la-directrice-des-services-multidisciplinaires\/\">Continuer la lecture <span class=\"meta-nav\">&rarr;<\/span><\/a><\/p>\n","protected":false},"author":1,"featured_media":0,"comment_status":"open","ping_status":"closed","sticky":false,"template":"","format":"standard","meta":{"footnotes":""},"categories":[2],"tags":[8],"_links":{"self":[{"href":"https:\/\/santemc.quebec\/icentre\/wp-json\/wp\/v2\/posts\/41"}],"collection":[{"href":"https:\/\/santemc.quebec\/icentre\/wp-json\/wp\/v2\/posts"}],"about":[{"href":"https:\/\/santemc.quebec\/icentre\/wp-json\/wp\/v2\/types\/post"}],"author":[{"embeddable":true,"href":"https:\/\/santemc.quebec\/icentre\/wp-json\/wp\/v2\/users\/1"}],"replies":[{"embeddable":true,"href":"https:\/\/santemc.quebec\/icentre\/wp-json\/wp\/v2\/comments?post=41"}],"version-history":[{"count":5,"href":"https:\/\/santemc.quebec\/icentre\/wp-json\/wp\/v2\/posts\/41\/revisions"}],"predecessor-version":[{"id":129,"href":"https:\/\/santemc.quebec\/icentre\/wp-json\/wp\/v2\/posts\/41\/revisions\/129"}],"wp:attachment":[{"href":"https:\/\/santemc.quebec\/icentre\/wp-json\/wp\/v2\/media?parent=41"}],"wp:term":[{"taxonomy":"category","embeddable":true,"href":"https:\/\/santemc.quebec\/icentre\/wp-json\/wp\/v2\/categories?post=41"},{"taxonomy":"post_tag","embeddable":true,"href":"https:\/\/santemc.quebec\/icentre\/wp-json\/wp\/v2\/tags?post=41"}],"curies":[{"name":"wp","href":"https:\/\/api.w.org\/{rel}","templated":true}]}}