{"id":4105,"date":"2017-03-08T09:26:06","date_gmt":"2017-03-08T14:26:06","guid":{"rendered":"http:\/\/santemc.quebec\/icentre\/?p=4105"},"modified":"2017-03-08T09:43:10","modified_gmt":"2017-03-08T14:43:10","slug":"rappel-aux-professionnels-categorie-4","status":"publish","type":"post","link":"https:\/\/santemc.quebec\/icentre\/rappel-aux-professionnels-categorie-4\/","title":{"rendered":"Rappel aux techniciens et professionnels de la sant\u00e9 et des services sociaux (cat\u00e9gorie 4)"},"content":{"rendered":"<p>La Direction des services multidisciplinaires vous informe\u00a0que les ordres professionnels sont actuellement en p\u00e9riode de sollicitation afin que leurs membres proc\u00e8dent au renouvellement de leur permis de travail pour l\u2019ann\u00e9e 2017-2018. Nous vous rappelons l\u2019importance d\u2019\u00eatre membre en r\u00e8gle de votre ordre pour poursuivre vos activit\u00e9s de travail. La date limite est le 1<sup>er<\/sup> avril.<\/p>\n<p>Veuillez s&rsquo;il vous plait transmettre votre num\u00e9ro de permis ainsi qu\u2019une preuve de renouvellement \u00e0 votre sup\u00e9rieur imm\u00e9diat d\u00e8s que la d\u00e9marche sera compl\u00e9t\u00e9e.<\/p>\n<p>&nbsp;<\/p>\n","protected":false},"excerpt":{"rendered":"<p>La Direction des services multidisciplinaires vous informe\u00a0que les ordres professionnels sont actuellement en p\u00e9riode de sollicitation afin que leurs membres proc\u00e8dent au renouvellement de leur permis de travail pour l\u2019ann\u00e9e 2017-2018. Nous vous rappelons l\u2019importance d\u2019\u00eatre membre en r\u00e8gle de &hellip; <a href=\"https:\/\/santemc.quebec\/icentre\/rappel-aux-professionnels-categorie-4\/\">Continuer la lecture <span class=\"meta-nav\">&rarr;<\/span><\/a><\/p>\n","protected":false},"author":1,"featured_media":0,"comment_status":"open","ping_status":"closed","sticky":false,"template":"","format":"standard","meta":{"footnotes":""},"categories":[1],"tags":[],"_links":{"self":[{"href":"https:\/\/santemc.quebec\/icentre\/wp-json\/wp\/v2\/posts\/4105"}],"collection":[{"href":"https:\/\/santemc.quebec\/icentre\/wp-json\/wp\/v2\/posts"}],"about":[{"href":"https:\/\/santemc.quebec\/icentre\/wp-json\/wp\/v2\/types\/post"}],"author":[{"embeddable":true,"href":"https:\/\/santemc.quebec\/icentre\/wp-json\/wp\/v2\/users\/1"}],"replies":[{"embeddable":true,"href":"https:\/\/santemc.quebec\/icentre\/wp-json\/wp\/v2\/comments?post=4105"}],"version-history":[{"count":4,"href":"https:\/\/santemc.quebec\/icentre\/wp-json\/wp\/v2\/posts\/4105\/revisions"}],"predecessor-version":[{"id":4109,"href":"https:\/\/santemc.quebec\/icentre\/wp-json\/wp\/v2\/posts\/4105\/revisions\/4109"}],"wp:attachment":[{"href":"https:\/\/santemc.quebec\/icentre\/wp-json\/wp\/v2\/media?parent=4105"}],"wp:term":[{"taxonomy":"category","embeddable":true,"href":"https:\/\/santemc.quebec\/icentre\/wp-json\/wp\/v2\/categories?post=4105"},{"taxonomy":"post_tag","embeddable":true,"href":"https:\/\/santemc.quebec\/icentre\/wp-json\/wp\/v2\/tags?post=4105"}],"curies":[{"name":"wp","href":"https:\/\/api.w.org\/{rel}","templated":true}]}}