{"id":411,"date":"2015-06-20T11:31:06","date_gmt":"2015-06-20T15:31:06","guid":{"rendered":"http:\/\/santemc.quebec\/icentre\/?p=411"},"modified":"2015-06-22T15:45:27","modified_gmt":"2015-06-22T19:45:27","slug":"le-ministre-barrette-souligne-lentree-en-vigueur-de-la-loi-permettant-lexercice-de-nouvelles-activites-professionnelles-aux-pharmaciens","status":"publish","type":"post","link":"https:\/\/santemc.quebec\/icentre\/le-ministre-barrette-souligne-lentree-en-vigueur-de-la-loi-permettant-lexercice-de-nouvelles-activites-professionnelles-aux-pharmaciens\/","title":{"rendered":"Le ministre Barrette souligne l\u2019entr\u00e9e en vigueur de la Loi permettant l\u2019exercice de nouvelles activit\u00e9s professionnelles aux pharmaciens"},"content":{"rendered":"<p>Le ministre de la Sant\u00e9 et des Services sociaux, monsieur\u00a0Ga\u00e9tan\u00a0Barrette, souligne l\u2019entr\u00e9e en vigueur de la <em>Loi modifiant la Loi sur la pharmacie<\/em>, qui permet aux pharmaciens, d\u00e8s demain, le 20 juin 2015, d\u2019exercer de nouvelles activit\u00e9s professionnelles, notamment pour certaines conditions m\u00e9dicales dont la liste se trouve en annexe.<!--more-->\u00ab\u00a0En autorisant les pharmaciens \u00e0 exercer de nouvelles activit\u00e9s professionnelles, notre gouvernement vient non seulement \u00e9largir l\u2019acc\u00e8s aux services pharmaceutiques, mais aussi favoriser une meilleure compl\u00e9mentarit\u00e9 entre la pratique des m\u00e9decins et celle des pharmaciens. En ce sens, cette disposition s\u2019ajoute \u00e0 toutes les autres que notre gouvernement a entreprises dans la derni\u00e8re ann\u00e9e pour doter le Qu\u00e9bec de services de premi\u00e8re ligne plus accessibles\u00a0\u00bb, a d\u00e9clar\u00e9 le ministre Barrette.<\/p>\n<div>\n<p>Rappelons que les nouvelles activit\u00e9s professionnelles pr\u00e9vues par cette loi sont\u00a0:<\/p>\n<ul>\n<li>la prolongation d\u2019une ordonnance d\u2019un m\u00e9decin afin que ne soit pas interrompu le traitement prescrit;<\/li>\n<li>la prescription de m\u00e9dicaments par les pharmaciens pour des conditions dont le diagnostic et le traitement sont connus;<\/li>\n<li>l\u2019ajustement d\u2019une ordonnance d\u2019un m\u00e9decin en modifiant la forme, la dose, la quantit\u00e9 ou la posologie;<\/li>\n<li>la substitution d\u2019un m\u00e9dicament prescrit en cas de rupture d\u2019approvisionnement compl\u00e8te au Qu\u00e9bec par un autre m\u00e9dicament d\u2019une m\u00eame sous-classe th\u00e9rapeutique;<\/li>\n<li>l\u2019administration d\u2019un m\u00e9dicament par voie orale, topique, sous-cutan\u00e9e, intradermique, intramusculaire ou par inhalation, \u00e0 des fins d\u2019enseignement;<\/li>\n<li>la prescription et l\u2019interpr\u00e9tation des analyses de laboratoires aux fins de suivi de la th\u00e9rapie m\u00e9dicamenteuse;<\/li>\n<li>et la prescription d\u2019un m\u00e9dicament lorsqu\u2019aucun diagnostic n\u2019est requis, notamment \u00e0 des fins pr\u00e9ventives.<\/li>\n<\/ul>\n<p>La Loi pr\u00e9voit la couverture de ces nouvelles activit\u00e9s en pharmacie par l\u2019interm\u00e9diaire du R\u00e9gime g\u00e9n\u00e9ral d\u2019assurance m\u00e9dicaments. En cons\u00e9quence, les personnes assur\u00e9es n\u2019ont rien \u00e0 payer, sauf la contribution de l\u2019usager, s\u2019il y a lieu, pour l\u2019un ou l\u2019autre de ces services. Les personnes assur\u00e9es par un r\u00e9gime priv\u00e9 verront de leur c\u00f4t\u00e9 la r\u00e9mun\u00e9ration du pharmacien pay\u00e9e par leur assurance, \u00e0 l\u2019exception de la franchise, qui serait \u00e0 payer par l\u2019usager, comme pour tout autre service pharmaceutique, s\u2019il y a lieu.<\/p>\n<p>\u00ab\u00a0Avec l\u2019entr\u00e9e en vigueur de la loi, les citoyens du Qu\u00e9bec pourront se pr\u00e9valoir de ces nouveaux services en pharmacie, qui sont attendus depuis longtemps, aussi bien par les citoyens que par les professionnels de la sant\u00e9. Ceci d\u00e9montre encore une fois la volont\u00e9 de notre gouvernement de mettre en place des mesures favorisant un plus grand acc\u00e8s aux services de sant\u00e9 de premi\u00e8re ligne\u00a0\u00bb, a conclu le ministre Barrette.<\/p>\n<p>&nbsp;<\/p>\n<p><strong>Listes des conditions m\u00e9dicales vis\u00e9es par certains nouveaux actes pouvant \u00eatre pos\u00e9s par les pharmaciens.<\/strong><\/p>\n<p>1. La prescription de m\u00e9dicaments par les pharmaciens pour des conditions dont le diagnostic et le traitement sont connus.<\/p>\n<p>Le pharmacien pourra prescrire un m\u00e9dicament pour le traitement des conditions suivantes\u00a0:<\/p>\n<ul>\n<li>la rhinite allergique;<\/li>\n<li>l\u2019herp\u00e8s labial;<\/li>\n<li>l\u2019acn\u00e9 mineure (sans nodule ni pustule);<\/li>\n<li>la vaginite \u00e0 levure;<\/li>\n<li>l\u2019\u00e9ryth\u00e8me fessier;<\/li>\n<li>la dermatite atopique (ecz\u00e9ma) n\u00e9cessitant l\u2019utilisation de corticost\u00e9ro\u00efdes n\u2019exc\u00e9dant pas une puissance faible \u00e0 mod\u00e9r\u00e9e;<\/li>\n<li>la conjonctivite allergique;<\/li>\n<li>le muguet cons\u00e9cutif \u00e0 l\u2019utilisation d\u2019inhalateurs corticost\u00e9ro\u00efdes;<\/li>\n<li>les aphtes buccaux;<\/li>\n<li>la dysm\u00e9norrh\u00e9e primaire;<\/li>\n<li>les h\u00e9morro\u00efdes;<\/li>\n<li>l\u2019infection urinaire chez la femme.<\/li>\n<\/ul>\n<p>2. La prescription d&rsquo;un m\u00e9dicament dans les cas pour lesquels aucun diagnostique n&rsquo;est requis.<\/p>\n<p>Le pharmacien pourra prescrire un m\u00e9dicament pour le traitement des conditions suivantes pour lesquelles aucun diagnostic du m\u00e9decin n\u2019est requis\u00a0:<\/p>\n<ul>\n<li>la diarrh\u00e9e du voyageur (traitement en cas de manifestation);<\/li>\n<li>la prophylaxie du paludisme;<\/li>\n<li>la suppl\u00e9mentation vitaminique en p\u00e9rinatalit\u00e9;<\/li>\n<li>les naus\u00e9es et vomissements reli\u00e9s \u00e0 la grossesse;<\/li>\n<li>la cessation tabagique (excluant la prescription de la var\u00e9nicline et du bupropion);<\/li>\n<li>la contraception hormonale \u00e0 la suite d\u2019une prescription d\u2019un m\u00e9dicament requis \u00e0 des fins de contraception orale d\u2019urgence;<\/li>\n<li>la p\u00e9diculose;<\/li>\n<li>la prophylaxie antibiotique chez les porteurs de valve;<\/li>\n<li>la prophylaxie cytoprotectrice chez les patients \u00e0 risque;<\/li>\n<li>la prophylaxie du mal aigu des montagnes (excluant la prescription de la dexam\u00e9thasone ou du sild\u00e9nafil).<\/li>\n<\/ul>\n<p>3. L&rsquo;ajustement d&rsquo;une ordonnance d&rsquo;un m\u00e9decin pour l&rsquo;atteinte de cibles th\u00e9rapeutiques.<\/p>\n<p>Le service doit consister en la prise en charge par le pharmacien de l\u2019atteinte des cibles th\u00e9rapeutiques \u00e9tablies par le m\u00e9decin pour un patient et un m\u00e9dicament donn\u00e9s. Trois cat\u00e9gories de champs th\u00e9rapeutiques sont \u00e9tablies.<\/p>\n<p>Il a \u00e9t\u00e9 pr\u00e9cis\u00e9 dans le cadre d\u2019une modification r\u00e8glementaire le fait que le service de prise en charge de l\u2019ajustement pour l\u2019atteinte de cibles th\u00e9rapeutiques exclut le co\u00fbt des tests qui seraient effectu\u00e9s en pharmacie.<\/p>\n<p>Cat\u00e9gorie I<\/p>\n<p>Hypertension art\u00e9rielle, dyslipid\u00e9mie, hypothyro\u00efdie, diab\u00e8te non insulinod\u00e9pendant, migraine (traitement prophylactique)<\/p>\n<p>Cat\u00e9gorie II<\/p>\n<p>Diab\u00e8te insulinod\u00e9pendant<\/p>\n<p>Cat\u00e9gorie III<\/p>\n<p>Anticoaguloth\u00e9rapie<\/p>\n<\/div>\n<p>&nbsp;<\/p>\n<p>SOURCE Cabinet du ministre de la Sant\u00e9 et des Services sociaux<\/p>\n","protected":false},"excerpt":{"rendered":"<p>Le ministre de la Sant\u00e9 et des Services sociaux, monsieur\u00a0Ga\u00e9tan\u00a0Barrette, souligne l\u2019entr\u00e9e en vigueur de la Loi modifiant la Loi sur la pharmacie, qui permet aux pharmaciens, d\u00e8s demain, le 20 juin 2015, d\u2019exercer de nouvelles activit\u00e9s professionnelles, notamment pour &hellip; <a href=\"https:\/\/santemc.quebec\/icentre\/le-ministre-barrette-souligne-lentree-en-vigueur-de-la-loi-permettant-lexercice-de-nouvelles-activites-professionnelles-aux-pharmaciens\/\">Continuer la lecture <span class=\"meta-nav\">&rarr;<\/span><\/a><\/p>\n","protected":false},"author":1,"featured_media":0,"comment_status":"open","ping_status":"closed","sticky":false,"template":"","format":"standard","meta":{"footnotes":""},"categories":[10],"tags":[],"_links":{"self":[{"href":"https:\/\/santemc.quebec\/icentre\/wp-json\/wp\/v2\/posts\/411"}],"collection":[{"href":"https:\/\/santemc.quebec\/icentre\/wp-json\/wp\/v2\/posts"}],"about":[{"href":"https:\/\/santemc.quebec\/icentre\/wp-json\/wp\/v2\/types\/post"}],"author":[{"embeddable":true,"href":"https:\/\/santemc.quebec\/icentre\/wp-json\/wp\/v2\/users\/1"}],"replies":[{"embeddable":true,"href":"https:\/\/santemc.quebec\/icentre\/wp-json\/wp\/v2\/comments?post=411"}],"version-history":[{"count":6,"href":"https:\/\/santemc.quebec\/icentre\/wp-json\/wp\/v2\/posts\/411\/revisions"}],"predecessor-version":[{"id":417,"href":"https:\/\/santemc.quebec\/icentre\/wp-json\/wp\/v2\/posts\/411\/revisions\/417"}],"wp:attachment":[{"href":"https:\/\/santemc.quebec\/icentre\/wp-json\/wp\/v2\/media?parent=411"}],"wp:term":[{"taxonomy":"category","embeddable":true,"href":"https:\/\/santemc.quebec\/icentre\/wp-json\/wp\/v2\/categories?post=411"},{"taxonomy":"post_tag","embeddable":true,"href":"https:\/\/santemc.quebec\/icentre\/wp-json\/wp\/v2\/tags?post=411"}],"curies":[{"name":"wp","href":"https:\/\/api.w.org\/{rel}","templated":true}]}}