{"id":4165,"date":"2017-03-10T13:18:47","date_gmt":"2017-03-10T18:18:47","guid":{"rendered":"http:\/\/santemc.quebec\/icentre\/?p=4165"},"modified":"2017-03-10T13:18:47","modified_gmt":"2017-03-10T18:18:47","slug":"selection-du-projet-virtuose-pour-lannee-2017-2018","status":"publish","type":"post","link":"https:\/\/santemc.quebec\/icentre\/selection-du-projet-virtuose-pour-lannee-2017-2018\/","title":{"rendered":"S\u00e9lection du projet VIRTUOSE pour l\u2019ann\u00e9e 2017-2018"},"content":{"rendered":"<p>C\u2019est avec grand plaisir que nous vous annon\u00e7ons la nomination du deuxi\u00e8me projet Virtuose qui a pour titre <strong><em>\u00ab\u00a0Atelier d\u2019autogestion de la bipolarit\u00e9\u00a0\u00bb.<\/em><\/strong><\/p>\n<p><!--more--><\/p>\n<p>Le comit\u00e9 de s\u00e9lection a fait son choix en consid\u00e9rant l\u2019ensemble des crit\u00e8res des projets Virtuose\u00a0: Viabilit\u00e9, Innovation, R\u00e9sultats r\u00e9alisables, Talents, Unique, Orientations organisationnelles, Savoirs et Excellence. Le comit\u00e9 de s\u00e9lection \u00e9tait compos\u00e9 des personnes suivantes\u00a0:<\/p>\n<ul>\n<li>Sylvie Bilodeau, directrice programme d\u00e9ficiences (DI-TSA, DP et DV);<\/li>\n<li>Brigitte Brabant, directrice adjointe services multidisciplinaires;<\/li>\n<li>Dr Jacques-Philippe Faucher, directeur enseignement et affaires universitaires;<\/li>\n<li>Jacques Fortin, directeur qualit\u00e9, \u00e9valuation, performance, \u00e9thique et LEAN;<\/li>\n<li>Micheline Jett\u00e9, d\u00e9l\u00e9gu\u00e9e par la pr\u00e9sidente du conseil multidisciplinaire;<\/li>\n<li>Janel Etchie, pr\u00e9sidente de l\u2019ex\u00e9cutif local de l\u2019Alliance du personnel professionnel et technique de la sant\u00e9 (APTS) RLS Champlain.<\/li>\n<\/ul>\n<p>Le projet \u00ab Atelier d\u2019autogestion de la bipolarit\u00e9 \u00bb vise \u00e0 augmenter l\u2019accessibilit\u00e9 aux services sp\u00e9cialis\u00e9s de sant\u00e9 mentale 2<sup>e<\/sup> ligne et \u00e0 r\u00e9duire le temps d\u2019attente pour la client\u00e8le pr\u00e9sentant un diagnostic de trouble bipolaire. Ce groupe d\u2019autogestion du trouble bipolaire, qui s\u2019inscrit dans le programme \u00ab\u00a0J\u2019AVANCE\u00a0\u00bb \u00e9labor\u00e9 par l\u2019organisme \u00ab\u00a0Revivre\u00a0\u00bb, sera adapt\u00e9 \u00e0 la client\u00e8le de la 2<sup>e<\/sup> ligne. L\u2019objectif prioritaire de ce projet consiste en la prise en charge par les usagers de la gestion des sympt\u00f4mes li\u00e9s au trouble bipolaire dans une approche qui favorise l\u2019empowerment. Ce projet comporte de nombreux impacts pour la client\u00e8le, on vise notamment \u00e0\u00a0:<\/p>\n<ul>\n<li>d\u00e9velopper de meilleures connaissances sur le trouble bipolaire;<\/li>\n<li>d\u00e9velopper des habilet\u00e9s qui permettent de reprendre du contr\u00f4le sur sa vie;<\/li>\n<li>apprendre \u00e0 \u00eatre \u00e0 l\u2019\u00e9coute de ses sympt\u00f4mes et savoir comment agir;<\/li>\n<li>s\u2019impliquer dans la prise de d\u00e9cisions sur son traitement;<\/li>\n<li>apprendre \u00e0 mieux g\u00e9rer les exigences de la vie quotidienne.<\/li>\n<\/ul>\n<p>Les r\u00e9pondantes de ce projet sont Dre Vickie Beauregard, psychologue et Sophie Nantel-Legault, ergoth\u00e9rapeute. Ces deux professionnelles rel\u00e8vent de la Direction des programmes sant\u00e9 mentale et d\u00e9pendance et sont rattach\u00e9es \u00e0 l\u2019\u00e9quipe de St\u00e9phanie Fournier, chef du programme de sant\u00e9 mentale 2<sup>e<\/sup> ligne, services externes HCLM (RLS Champlain).<\/p>\n<p>En terminant, nous f\u00e9licitons ces professionnelles pour la pr\u00e9sentation de ce projet novateur et nous remercions tous les autres professionnels qui ont soumis des propositions. Nous encourageons tous les membres du conseil multidisciplinaire (CM) \u00e0 soumettre leurs id\u00e9es lors de la prochaine p\u00e9riode d\u2019appel des projets Virtuose\u00a0 pour l\u2019ann\u00e9e prochaine!<\/p>\n","protected":false},"excerpt":{"rendered":"<p>C\u2019est avec grand plaisir que nous vous annon\u00e7ons la nomination du deuxi\u00e8me projet Virtuose qui a pour titre \u00ab\u00a0Atelier d\u2019autogestion de la bipolarit\u00e9\u00a0\u00bb.<\/p>\n","protected":false},"author":9,"featured_media":0,"comment_status":"open","ping_status":"closed","sticky":false,"template":"","format":"standard","meta":{"footnotes":""},"categories":[1],"tags":[],"_links":{"self":[{"href":"https:\/\/santemc.quebec\/icentre\/wp-json\/wp\/v2\/posts\/4165"}],"collection":[{"href":"https:\/\/santemc.quebec\/icentre\/wp-json\/wp\/v2\/posts"}],"about":[{"href":"https:\/\/santemc.quebec\/icentre\/wp-json\/wp\/v2\/types\/post"}],"author":[{"embeddable":true,"href":"https:\/\/santemc.quebec\/icentre\/wp-json\/wp\/v2\/users\/9"}],"replies":[{"embeddable":true,"href":"https:\/\/santemc.quebec\/icentre\/wp-json\/wp\/v2\/comments?post=4165"}],"version-history":[{"count":1,"href":"https:\/\/santemc.quebec\/icentre\/wp-json\/wp\/v2\/posts\/4165\/revisions"}],"predecessor-version":[{"id":4166,"href":"https:\/\/santemc.quebec\/icentre\/wp-json\/wp\/v2\/posts\/4165\/revisions\/4166"}],"wp:attachment":[{"href":"https:\/\/santemc.quebec\/icentre\/wp-json\/wp\/v2\/media?parent=4165"}],"wp:term":[{"taxonomy":"category","embeddable":true,"href":"https:\/\/santemc.quebec\/icentre\/wp-json\/wp\/v2\/categories?post=4165"},{"taxonomy":"post_tag","embeddable":true,"href":"https:\/\/santemc.quebec\/icentre\/wp-json\/wp\/v2\/tags?post=4165"}],"curies":[{"name":"wp","href":"https:\/\/api.w.org\/{rel}","templated":true}]}}