{"id":4171,"date":"2017-03-10T15:51:42","date_gmt":"2017-03-10T20:51:42","guid":{"rendered":"http:\/\/santemc.quebec\/icentre\/?p=4171"},"modified":"2017-03-10T15:59:54","modified_gmt":"2017-03-10T20:59:54","slug":"le-comite-des-usagers-presente-une-toute-nouvelle-campagne-dans-le-reseau-de-transport-de-longueuil","status":"publish","type":"post","link":"https:\/\/santemc.quebec\/icentre\/le-comite-des-usagers-presente-une-toute-nouvelle-campagne-dans-le-reseau-de-transport-de-longueuil\/","title":{"rendered":"Le Comit\u00e9 des usagers pr\u00e9sente une toute nouvelle campagne dans le r\u00e9seau de transport de Longueuil"},"content":{"rendered":"<div id=\"attachment_4174\" style=\"width: 310px\" class=\"wp-caption alignleft\"><a href=\"http:\/\/santemc.quebec\/santemc\/icentre\/wp-content\/uploads\/2017\/03\/usagers.png\"><img aria-describedby=\"caption-attachment-4174\" decoding=\"async\" loading=\"lazy\" class=\"size-medium wp-image-4174\" src=\"http:\/\/santemc.quebec\/santemc\/icentre\/wp-content\/uploads\/2017\/03\/usagers-300x225.png\" alt=\"\" width=\"300\" height=\"225\" srcset=\"https:\/\/santemc.quebec\/santemc\/icentre\/wp-content\/uploads\/2017\/03\/usagers-300x225.png 300w, https:\/\/santemc.quebec\/santemc\/icentre\/wp-content\/uploads\/2017\/03\/usagers-400x300.png 400w, https:\/\/santemc.quebec\/santemc\/icentre\/wp-content\/uploads\/2017\/03\/usagers.png 640w\" sizes=\"(max-width: 300px) 100vw, 300px\" \/><\/a><p id=\"caption-attachment-4174\" class=\"wp-caption-text\">Sur la photo :<br \/>Francine Bouchard, responsable du comit\u00e9 de l\u2019information, Denise M\u00e9nard, pr\u00e9sidente, Marguerite Pearson-Richard, Richard Deschamps, pr\u00e9sident-directeur g\u00e9n\u00e9ral du CISSSMC<\/p><\/div>\n<p>Le Comit\u00e9 des usagers de Champlain-Charles-Le Moyne vient de lancer sa toute nouvelle campagne de notori\u00e9t\u00e9 qui est en cours pour se faire conna\u00eetre de la population. Dans le cadre de cette initiative, le comit\u00e9 affiche ses couleurs sur des autobus du R\u00e9seau de transport de Longueuil qui circulent dans la r\u00e9gion de m\u00eame que sur les abribus du territoire du Centre int\u00e9gr\u00e9 de sant\u00e9 et de services sociaux de la Mont\u00e9r\u00e9gie-Centre.<!--more--><\/p>\n<p>Par cette initiative, le Comit\u00e9 des usagers souhaite faire conna\u00eetre son existence et son mandat qui est d\u2019offrir aide, information et accompagnement. En s\u2019adressant au grand public, il souhaite obtenir de la part des usagers toute suggestion et tout commentaire pouvant contribuer \u00e0 l\u2019am\u00e9lioration des services et de l\u2019environnement dans lequel ils sont dispens\u00e9s.<\/p>\n<p>\u00ab Chacun de nous aura, \u00e0 un moment donn\u00e9, \u00e0 recevoir des soins ou \u00e0 accompagner une personne dans le r\u00e9seau de la sant\u00e9. Nous sommes parfois d\u00e9sorient\u00e9s et peu renseign\u00e9s sur nos droits et nos obligations au sein d\u2019un \u00e9tablissement de sant\u00e9, d\u2019o\u00f9 l\u2019importance pour nous de dire aux usagers qu\u2019ils peuvent avoir du soutien \u00bb, affirme Mme Denise M\u00e9nard, pr\u00e9sidente du Comit\u00e9 des usagers.<\/p>\n<p>Le Comit\u00e9 des usagers existe depuis plus de dix ans et sa mission est de promouvoir l\u2019am\u00e9lioration des conditions dans lesquelles les services lui sont rendus, d\u2019\u00e9valuer la satisfaction \u00e0 l\u2019\u00e9gard des services obtenus et de renseigner sur les droits et obligations.<\/p>\n","protected":false},"excerpt":{"rendered":"<p>Le Comit\u00e9 des usagers de Champlain-Charles-Le Moyne vient de lancer sa toute nouvelle campagne de notori\u00e9t\u00e9 qui est en cours pour se faire conna\u00eetre de la population. Dans le cadre de cette initiative, le comit\u00e9 affiche ses couleurs sur des &hellip; <a href=\"https:\/\/santemc.quebec\/icentre\/le-comite-des-usagers-presente-une-toute-nouvelle-campagne-dans-le-reseau-de-transport-de-longueuil\/\">Continuer la lecture <span class=\"meta-nav\">&rarr;<\/span><\/a><\/p>\n","protected":false},"author":1,"featured_media":0,"comment_status":"open","ping_status":"closed","sticky":false,"template":"","format":"standard","meta":{"footnotes":""},"categories":[1],"tags":[],"_links":{"self":[{"href":"https:\/\/santemc.quebec\/icentre\/wp-json\/wp\/v2\/posts\/4171"}],"collection":[{"href":"https:\/\/santemc.quebec\/icentre\/wp-json\/wp\/v2\/posts"}],"about":[{"href":"https:\/\/santemc.quebec\/icentre\/wp-json\/wp\/v2\/types\/post"}],"author":[{"embeddable":true,"href":"https:\/\/santemc.quebec\/icentre\/wp-json\/wp\/v2\/users\/1"}],"replies":[{"embeddable":true,"href":"https:\/\/santemc.quebec\/icentre\/wp-json\/wp\/v2\/comments?post=4171"}],"version-history":[{"count":5,"href":"https:\/\/santemc.quebec\/icentre\/wp-json\/wp\/v2\/posts\/4171\/revisions"}],"predecessor-version":[{"id":4177,"href":"https:\/\/santemc.quebec\/icentre\/wp-json\/wp\/v2\/posts\/4171\/revisions\/4177"}],"wp:attachment":[{"href":"https:\/\/santemc.quebec\/icentre\/wp-json\/wp\/v2\/media?parent=4171"}],"wp:term":[{"taxonomy":"category","embeddable":true,"href":"https:\/\/santemc.quebec\/icentre\/wp-json\/wp\/v2\/categories?post=4171"},{"taxonomy":"post_tag","embeddable":true,"href":"https:\/\/santemc.quebec\/icentre\/wp-json\/wp\/v2\/tags?post=4171"}],"curies":[{"name":"wp","href":"https:\/\/api.w.org\/{rel}","templated":true}]}}