{"id":4190,"date":"2017-03-14T13:59:07","date_gmt":"2017-03-14T17:59:07","guid":{"rendered":"http:\/\/santemc.quebec\/icentre\/?p=4190"},"modified":"2017-03-14T13:59:07","modified_gmt":"2017-03-14T17:59:07","slug":"semaine-quebecoise-de-la-deficience-intellectuelle","status":"publish","type":"post","link":"https:\/\/santemc.quebec\/icentre\/semaine-quebecoise-de-la-deficience-intellectuelle\/","title":{"rendered":"Semaine qu\u00e9b\u00e9coise de la d\u00e9ficience intellectuelle"},"content":{"rendered":"<p><a href=\"http:\/\/santemc.quebec\/santemc\/icentre\/wp-content\/uploads\/2017\/03\/affiche_2017_SDI.jpg\"><img decoding=\"async\" loading=\"lazy\" class=\"size-medium wp-image-4192 alignleft\" src=\"http:\/\/santemc.quebec\/santemc\/icentre\/wp-content\/uploads\/2017\/03\/affiche_2017_SDI-225x300.jpg\" alt=\"\" width=\"225\" height=\"300\" srcset=\"https:\/\/santemc.quebec\/santemc\/icentre\/wp-content\/uploads\/2017\/03\/affiche_2017_SDI-225x300.jpg 225w, https:\/\/santemc.quebec\/santemc\/icentre\/wp-content\/uploads\/2017\/03\/affiche_2017_SDI-768x1024.jpg 768w\" sizes=\"(max-width: 225px) 100vw, 225px\" \/><\/a>Du 12 au 18 mars 2017 se d\u00e9roule la 29e \u00e9dition de la Semaine qu\u00e9b\u00e9coise de la d\u00e9ficience intellectuelle. \u00c0 travers la province, plusieurs activit\u00e9s de sensibilisation sont organis\u00e9es dans le but de d\u00e9mystifier la d\u00e9ficience intellectuelle et de favoriser l\u2019inclusion tout en mettant en lumi\u00e8re nos ressemblances.<\/p>\n<p>Pour conna\u00eetre les activit\u00e9s organis\u00e9es en Mont\u00e9r\u00e9gie, <a href=\"http:\/\/sqdi2017.deficienceintellectuelle.org\/1629\/Region-16-Monteregie.aqis\">cliquez ici<\/a>.<\/p>\n","protected":false},"excerpt":{"rendered":"<p>Du 12 au 18 mars 2017 se d\u00e9roule la 29e \u00e9dition de la Semaine qu\u00e9b\u00e9coise de la d\u00e9ficience intellectuelle. \u00c0 travers la province, plusieurs activit\u00e9s de sensibilisation sont organis\u00e9es dans le but de d\u00e9mystifier la d\u00e9ficience intellectuelle et de favoriser &hellip; <a href=\"https:\/\/santemc.quebec\/icentre\/semaine-quebecoise-de-la-deficience-intellectuelle\/\">Continuer la lecture <span class=\"meta-nav\">&rarr;<\/span><\/a><\/p>\n","protected":false},"author":8,"featured_media":0,"comment_status":"open","ping_status":"closed","sticky":false,"template":"","format":"standard","meta":{"footnotes":""},"categories":[1],"tags":[90,89],"_links":{"self":[{"href":"https:\/\/santemc.quebec\/icentre\/wp-json\/wp\/v2\/posts\/4190"}],"collection":[{"href":"https:\/\/santemc.quebec\/icentre\/wp-json\/wp\/v2\/posts"}],"about":[{"href":"https:\/\/santemc.quebec\/icentre\/wp-json\/wp\/v2\/types\/post"}],"author":[{"embeddable":true,"href":"https:\/\/santemc.quebec\/icentre\/wp-json\/wp\/v2\/users\/8"}],"replies":[{"embeddable":true,"href":"https:\/\/santemc.quebec\/icentre\/wp-json\/wp\/v2\/comments?post=4190"}],"version-history":[{"count":1,"href":"https:\/\/santemc.quebec\/icentre\/wp-json\/wp\/v2\/posts\/4190\/revisions"}],"predecessor-version":[{"id":4193,"href":"https:\/\/santemc.quebec\/icentre\/wp-json\/wp\/v2\/posts\/4190\/revisions\/4193"}],"wp:attachment":[{"href":"https:\/\/santemc.quebec\/icentre\/wp-json\/wp\/v2\/media?parent=4190"}],"wp:term":[{"taxonomy":"category","embeddable":true,"href":"https:\/\/santemc.quebec\/icentre\/wp-json\/wp\/v2\/categories?post=4190"},{"taxonomy":"post_tag","embeddable":true,"href":"https:\/\/santemc.quebec\/icentre\/wp-json\/wp\/v2\/tags?post=4190"}],"curies":[{"name":"wp","href":"https:\/\/api.w.org\/{rel}","templated":true}]}}