{"id":4195,"date":"2017-03-16T15:10:25","date_gmt":"2017-03-16T19:10:25","guid":{"rendered":"http:\/\/santemc.quebec\/icentre\/?p=4195"},"modified":"2017-03-24T10:37:13","modified_gmt":"2017-03-24T14:37:13","slug":"bulletin-periscope-pres-du-tiers-des-monteregiens-touches-par-la-rhinite-allergique","status":"publish","type":"post","link":"https:\/\/santemc.quebec\/icentre\/bulletin-periscope-pres-du-tiers-des-monteregiens-touches-par-la-rhinite-allergique\/","title":{"rendered":"Bulletin P\u00e9riscope : Pr\u00e8s du tiers des Mont\u00e9r\u00e9giens touch\u00e9s par la rhinite allergique"},"content":{"rendered":"<p><img decoding=\"async\" loading=\"lazy\" class=\"aligncenter wp-image-2877 size-full\" src=\"http:\/\/santemc.quebec\/santemc\/icentre\/wp-content\/uploads\/2016\/09\/periscope.png\" alt=\"periscope\" width=\"789\" height=\"163\" srcset=\"https:\/\/santemc.quebec\/santemc\/icentre\/wp-content\/uploads\/2016\/09\/periscope.png 789w, https:\/\/santemc.quebec\/santemc\/icentre\/wp-content\/uploads\/2016\/09\/periscope-300x62.png 300w, https:\/\/santemc.quebec\/santemc\/icentre\/wp-content\/uploads\/2016\/09\/periscope-768x159.png 768w, https:\/\/santemc.quebec\/santemc\/icentre\/wp-content\/uploads\/2016\/09\/periscope-500x103.png 500w\" sizes=\"(max-width: 789px) 100vw, 789px\" \/><\/p>\n<p>La rhinite allergique touche de nombreux Mont\u00e9r\u00e9giens et limite leurs activit\u00e9s quotidiennes. Pourtant, des interventions efficaces permettent de r\u00e9duire le fardeau de la rhinite allergique associ\u00e9e \u00e0 l\u2019herbe \u00e0 poux.<\/p>\n<p>Pour en savoir plus, nous vous invitons \u00e0 lire le P\u00e9riscope sur ce sujet en cliquant sur le lien suivant : <a href=\"http:\/\/extranet.santemonteregie.qc.ca\/sante-publique\/surveillance-etat-sante\/periscope.fr.html\" target=\"_blank\">http:\/\/extranet.santemonteregie.qc.ca\/sante-publique\/surveillance-etat-sante\/periscope.fr.html<\/a><\/p>\n<p><!--more--><\/p>\n<p>Le P\u00e9riscope est un bulletin produit par le\u00a0secteur Surveillance de l\u2019\u00e9tat de sant\u00e9 de la population de la Direction de sant\u00e9 publique de la Mont\u00e9r\u00e9gie.<\/p>\n<p>&nbsp;<\/p>\n","protected":false},"excerpt":{"rendered":"<p>La rhinite allergique touche de nombreux Mont\u00e9r\u00e9giens et limite leurs activit\u00e9s quotidiennes. Pourtant, des interventions efficaces permettent de r\u00e9duire le fardeau de la rhinite allergique associ\u00e9e \u00e0 l\u2019herbe \u00e0 poux. Pour en savoir plus, nous vous invitons \u00e0 lire le &hellip; <a href=\"https:\/\/santemc.quebec\/icentre\/bulletin-periscope-pres-du-tiers-des-monteregiens-touches-par-la-rhinite-allergique\/\">Continuer la lecture <span class=\"meta-nav\">&rarr;<\/span><\/a><\/p>\n","protected":false},"author":9,"featured_media":0,"comment_status":"open","ping_status":"closed","sticky":false,"template":"","format":"standard","meta":{"footnotes":""},"categories":[1],"tags":[44],"_links":{"self":[{"href":"https:\/\/santemc.quebec\/icentre\/wp-json\/wp\/v2\/posts\/4195"}],"collection":[{"href":"https:\/\/santemc.quebec\/icentre\/wp-json\/wp\/v2\/posts"}],"about":[{"href":"https:\/\/santemc.quebec\/icentre\/wp-json\/wp\/v2\/types\/post"}],"author":[{"embeddable":true,"href":"https:\/\/santemc.quebec\/icentre\/wp-json\/wp\/v2\/users\/9"}],"replies":[{"embeddable":true,"href":"https:\/\/santemc.quebec\/icentre\/wp-json\/wp\/v2\/comments?post=4195"}],"version-history":[{"count":2,"href":"https:\/\/santemc.quebec\/icentre\/wp-json\/wp\/v2\/posts\/4195\/revisions"}],"predecessor-version":[{"id":4198,"href":"https:\/\/santemc.quebec\/icentre\/wp-json\/wp\/v2\/posts\/4195\/revisions\/4198"}],"wp:attachment":[{"href":"https:\/\/santemc.quebec\/icentre\/wp-json\/wp\/v2\/media?parent=4195"}],"wp:term":[{"taxonomy":"category","embeddable":true,"href":"https:\/\/santemc.quebec\/icentre\/wp-json\/wp\/v2\/categories?post=4195"},{"taxonomy":"post_tag","embeddable":true,"href":"https:\/\/santemc.quebec\/icentre\/wp-json\/wp\/v2\/tags?post=4195"}],"curies":[{"name":"wp","href":"https:\/\/api.w.org\/{rel}","templated":true}]}}