{"id":4199,"date":"2017-03-16T17:38:30","date_gmt":"2017-03-16T21:38:30","guid":{"rendered":"http:\/\/santemc.quebec\/icentre\/?p=4199"},"modified":"2017-03-16T17:38:30","modified_gmt":"2017-03-16T21:38:30","slug":"agrandissement-majeur-de-lhopital-du-haut-richelieu-en-mode-preparation-avant-les-transferts","status":"publish","type":"post","link":"https:\/\/santemc.quebec\/icentre\/agrandissement-majeur-de-lhopital-du-haut-richelieu-en-mode-preparation-avant-les-transferts\/","title":{"rendered":"Agrandissement majeur de l\u2019H\u00f4pital du Haut-Richelieu : En mode pr\u00e9paration avant les transferts"},"content":{"rendered":"<p><a href=\"http:\/\/santemc.quebec\/santemc\/icentre\/wp-content\/uploads\/2017\/03\/Bandeau_agrandissement.jpg\"><img decoding=\"async\" loading=\"lazy\" class=\"alignnone size-large wp-image-4200\" src=\"http:\/\/santemc.quebec\/santemc\/icentre\/wp-content\/uploads\/2017\/03\/Bandeau_agrandissement-1024x385.jpg\" alt=\"\" width=\"584\" height=\"220\" srcset=\"https:\/\/santemc.quebec\/santemc\/icentre\/wp-content\/uploads\/2017\/03\/Bandeau_agrandissement-1024x385.jpg 1024w, https:\/\/santemc.quebec\/santemc\/icentre\/wp-content\/uploads\/2017\/03\/Bandeau_agrandissement-300x113.jpg 300w, https:\/\/santemc.quebec\/santemc\/icentre\/wp-content\/uploads\/2017\/03\/Bandeau_agrandissement-768x289.jpg 768w, https:\/\/santemc.quebec\/santemc\/icentre\/wp-content\/uploads\/2017\/03\/Bandeau_agrandissement-500x188.jpg 500w, https:\/\/santemc.quebec\/santemc\/icentre\/wp-content\/uploads\/2017\/03\/Bandeau_agrandissement.jpg 1165w\" sizes=\"(max-width: 584px) 100vw, 584px\" \/><\/a><\/p>\n<p>Au cours des derniers mois, plusieurs \u00e9tapes importantes ont \u00e9t\u00e9 franchies dans le cadre de la construction de l\u2019agrandissement majeur de l\u2019H\u00f4pital du Haut-Richelieu.<!--more--><\/p>\n<p>D\u2019abord, le 22 d\u00e9cembre dernier, le CISSS de la Mont\u00e9r\u00e9gie-Centre a pris officiellement possession de certaines parties de l\u2019agrandissement, soit le sous-sol (quais de livraison, locaux des services techniques et de la logistique), le 2e \u00e9tage (bloc op\u00e9ratoire et soins intensifs) ainsi que le 4e \u00e9tage (salle m\u00e9canique). La prise de possession a marqu\u00e9 le d\u00e9but d\u2019une s\u00e9quence d\u2019activit\u00e9s r\u00e9alis\u00e9es par l\u2019\u00e9tablissement et ses fournisseurs avant les premiers transferts.<\/p>\n<p>Ensuite, le 12 janvier 2017, les nouveaux quais de livraison \u00e9taient mis en service et les locaux techniques et logistiques situ\u00e9s au sous-sol de l\u2019agrandissement \u00e9taient d\u00e9sormais en fonction.<\/p>\n<p>Les mois de janvier et f\u00e9vrier ont \u00e9t\u00e9 tr\u00e8s occup\u00e9s dans la nouvelle aile o\u00f9 le personnel des services techniques, des ressources informationnelles, du GBM, les fournisseurs d\u2019\u00e9quipement et certains corps de m\u00e9tiers se relayaient afin de terminer les travaux et l\u2019installation des \u00e9quipements. Les \u00e9quipes cliniques ont aussi pu profiter de cette p\u00e9riode pour suivre des formations techniques et cliniques sur les divers appareils.<\/p>\n<p>Au cours des prochaines semaines, une fois que les locaux auront \u00e9t\u00e9 inspect\u00e9s et jug\u00e9s conformes, s\u00e9curitaires et pr\u00eats \u00e0 recevoir la client\u00e8le, les transferts des secteurs auront lieu en diff\u00e9rentes phases. Les dates exactes des transferts seront communiqu\u00e9es au fur et \u00e0 mesure qu\u2019elles seront \u00e9tablies.<\/p>\n","protected":false},"excerpt":{"rendered":"<p>Au cours des derniers mois, plusieurs \u00e9tapes importantes ont \u00e9t\u00e9 franchies dans le cadre de la construction de l\u2019agrandissement majeur de l\u2019H\u00f4pital du Haut-Richelieu.<\/p>\n","protected":false},"author":8,"featured_media":0,"comment_status":"open","ping_status":"closed","sticky":false,"template":"","format":"standard","meta":{"footnotes":""},"categories":[1],"tags":[],"_links":{"self":[{"href":"https:\/\/santemc.quebec\/icentre\/wp-json\/wp\/v2\/posts\/4199"}],"collection":[{"href":"https:\/\/santemc.quebec\/icentre\/wp-json\/wp\/v2\/posts"}],"about":[{"href":"https:\/\/santemc.quebec\/icentre\/wp-json\/wp\/v2\/types\/post"}],"author":[{"embeddable":true,"href":"https:\/\/santemc.quebec\/icentre\/wp-json\/wp\/v2\/users\/8"}],"replies":[{"embeddable":true,"href":"https:\/\/santemc.quebec\/icentre\/wp-json\/wp\/v2\/comments?post=4199"}],"version-history":[{"count":1,"href":"https:\/\/santemc.quebec\/icentre\/wp-json\/wp\/v2\/posts\/4199\/revisions"}],"predecessor-version":[{"id":4201,"href":"https:\/\/santemc.quebec\/icentre\/wp-json\/wp\/v2\/posts\/4199\/revisions\/4201"}],"wp:attachment":[{"href":"https:\/\/santemc.quebec\/icentre\/wp-json\/wp\/v2\/media?parent=4199"}],"wp:term":[{"taxonomy":"category","embeddable":true,"href":"https:\/\/santemc.quebec\/icentre\/wp-json\/wp\/v2\/categories?post=4199"},{"taxonomy":"post_tag","embeddable":true,"href":"https:\/\/santemc.quebec\/icentre\/wp-json\/wp\/v2\/tags?post=4199"}],"curies":[{"name":"wp","href":"https:\/\/api.w.org\/{rel}","templated":true}]}}