{"id":4203,"date":"2017-03-21T15:27:07","date_gmt":"2017-03-21T19:27:07","guid":{"rendered":"http:\/\/santemc.quebec\/icentre\/?p=4203"},"modified":"2017-03-21T15:28:42","modified_gmt":"2017-03-21T19:28:42","slug":"inauguration-officielle-de-la-nouvelle-cuisine-du-chsld-georges-phaneuf","status":"publish","type":"post","link":"https:\/\/santemc.quebec\/icentre\/inauguration-officielle-de-la-nouvelle-cuisine-du-chsld-georges-phaneuf\/","title":{"rendered":"Inauguration officielle de la nouvelle cuisine du CHSLD Georges-Phaneuf"},"content":{"rendered":"<div id=\"attachment_4204\" style=\"width: 310px\" class=\"wp-caption alignleft\"><a href=\"http:\/\/santemc.quebec\/santemc\/icentre\/wp-content\/uploads\/2017\/03\/Photo-avec-PDG.png\"><img aria-describedby=\"caption-attachment-4204\" decoding=\"async\" loading=\"lazy\" class=\"wp-image-4204 size-medium\" src=\"http:\/\/santemc.quebec\/santemc\/icentre\/wp-content\/uploads\/2017\/03\/Photo-avec-PDG-300x201.png\" alt=\"\" width=\"300\" height=\"201\" srcset=\"https:\/\/santemc.quebec\/santemc\/icentre\/wp-content\/uploads\/2017\/03\/Photo-avec-PDG-300x201.png 300w, https:\/\/santemc.quebec\/santemc\/icentre\/wp-content\/uploads\/2017\/03\/Photo-avec-PDG-449x300.png 449w, https:\/\/santemc.quebec\/santemc\/icentre\/wp-content\/uploads\/2017\/03\/Photo-avec-PDG.png 760w\" sizes=\"(max-width: 300px) 100vw, 300px\" \/><\/a><p id=\"caption-attachment-4204\" class=\"wp-caption-text\">De gauche \u00e0 droite : Pierre Gagnon, charg\u00e9 de projet; Manon Paradis, chef\u00a0du service alimentation des CHSLD Georges-Phaneuf et Gertrude-Lafrance; Louis Lamontagne, directeur des services techniques; Manon Lapalme, adjointe au directeur des services techniques, services d&rsquo;h\u00f4tellerie; Richard Deschamps, pr\u00e9sident-directeur g\u00e9n\u00e9ral<\/p><\/div>\n<p>Le CHSLD Georges-Phaneuf a officiellement inaugur\u00e9, la semaine derni\u00e8re, sa toute nouvelle cuisine. D\u00e9but\u00e9s en juin 2016 aux co\u00fbts de 2,8M$, les travaux d\u2019envergure visaient l\u2019ensemble du service, soit la production, la distribution alimentaire et la laverie. Il s\u2019agit d\u2019un changement majeur pour cette installation qui n\u2019avait pas b\u00e9n\u00e9fici\u00e9 d\u2019une nouvelle cuisine depuis sa construction en 1931.<\/p>\n<p><!--more--><\/p>\n<p><strong>Une mise aux normes significative<\/strong><\/p>\n<p>Les travaux effectu\u00e9s constituent un changement majeur pour le centre qui voit ses cuisines \u00eatre mises aux normes du minist\u00e8re de l\u2019Agriculture, des P\u00eacheries et de l\u2019Alimentation du Qu\u00e9bec (MAPAQ). La modernisation des \u00e9quipements tels que les r\u00e9frig\u00e9rateurs, les cong\u00e9lateurs, la hotte de cuisson et les marmites permet d\u2019am\u00e9liorer la qualit\u00e9 des outils utilis\u00e9s par les employ\u00e9s pour leur travail. Le r\u00e9am\u00e9nagement de la laverie repr\u00e9sente \u00e9galement une diff\u00e9rence consid\u00e9rable pour le personnel qui, en plus de gagner de l\u2019espace de travail, dispose maintenant d\u2019un \u00e9quipement haut de gamme. En plus de l\u2019ajout de nouveaux \u00e9quipements, les employ\u00e9s b\u00e9n\u00e9ficieront \u00e9galement d\u2019un milieu de travail plus s\u00e9curitaire et ergonomique notamment gr\u00e2ce aux planchers antid\u00e9rapants. Finalement, la modernisation des locaux et les mat\u00e9riaux utilis\u00e9s pour les travaux rendent les cuisines plus faciles \u00e0 nettoyer et \u00e0 d\u00e9sinfecter, une norme tr\u00e8s importante pour la qualit\u00e9 de la production alimentaire servie aux r\u00e9sidents.<\/p>\n<p><a href=\"http:\/\/santemc.quebec\/santemc\/icentre\/wp-content\/uploads\/2017\/03\/Photo-1.jpg\"><img decoding=\"async\" loading=\"lazy\" class=\"size-medium wp-image-4205 alignleft\" src=\"http:\/\/santemc.quebec\/santemc\/icentre\/wp-content\/uploads\/2017\/03\/Photo-1-300x225.jpg\" alt=\"\" width=\"300\" height=\"225\" srcset=\"https:\/\/santemc.quebec\/santemc\/icentre\/wp-content\/uploads\/2017\/03\/Photo-1-300x225.jpg 300w, https:\/\/santemc.quebec\/santemc\/icentre\/wp-content\/uploads\/2017\/03\/Photo-1-768x576.jpg 768w, https:\/\/santemc.quebec\/santemc\/icentre\/wp-content\/uploads\/2017\/03\/Photo-1-400x300.jpg 400w, https:\/\/santemc.quebec\/santemc\/icentre\/wp-content\/uploads\/2017\/03\/Photo-1.jpg 1008w\" sizes=\"(max-width: 300px) 100vw, 300px\" \/><\/a><a href=\"http:\/\/santemc.quebec\/santemc\/icentre\/wp-content\/uploads\/2017\/03\/Photo-2.jpg\"><img decoding=\"async\" loading=\"lazy\" class=\"size-medium wp-image-4206 alignleft\" src=\"http:\/\/santemc.quebec\/santemc\/icentre\/wp-content\/uploads\/2017\/03\/Photo-2-300x225.jpg\" alt=\"\" width=\"300\" height=\"225\" srcset=\"https:\/\/santemc.quebec\/santemc\/icentre\/wp-content\/uploads\/2017\/03\/Photo-2-300x225.jpg 300w, https:\/\/santemc.quebec\/santemc\/icentre\/wp-content\/uploads\/2017\/03\/Photo-2-768x576.jpg 768w, https:\/\/santemc.quebec\/santemc\/icentre\/wp-content\/uploads\/2017\/03\/Photo-2-400x300.jpg 400w, https:\/\/santemc.quebec\/santemc\/icentre\/wp-content\/uploads\/2017\/03\/Photo-2.jpg 1008w\" sizes=\"(max-width: 300px) 100vw, 300px\" \/><\/a><\/p>\n","protected":false},"excerpt":{"rendered":"<p>Le CHSLD Georges-Phaneuf a officiellement inaugur\u00e9, la semaine derni\u00e8re, sa toute nouvelle cuisine. D\u00e9but\u00e9s en juin 2016 aux co\u00fbts de 2,8M$, les travaux d\u2019envergure visaient l\u2019ensemble du service, soit la production, la distribution alimentaire et la laverie. Il s\u2019agit d\u2019un &hellip; <a href=\"https:\/\/santemc.quebec\/icentre\/inauguration-officielle-de-la-nouvelle-cuisine-du-chsld-georges-phaneuf\/\">Continuer la lecture <span class=\"meta-nav\">&rarr;<\/span><\/a><\/p>\n","protected":false},"author":9,"featured_media":0,"comment_status":"open","ping_status":"closed","sticky":false,"template":"","format":"standard","meta":{"footnotes":""},"categories":[1],"tags":[],"_links":{"self":[{"href":"https:\/\/santemc.quebec\/icentre\/wp-json\/wp\/v2\/posts\/4203"}],"collection":[{"href":"https:\/\/santemc.quebec\/icentre\/wp-json\/wp\/v2\/posts"}],"about":[{"href":"https:\/\/santemc.quebec\/icentre\/wp-json\/wp\/v2\/types\/post"}],"author":[{"embeddable":true,"href":"https:\/\/santemc.quebec\/icentre\/wp-json\/wp\/v2\/users\/9"}],"replies":[{"embeddable":true,"href":"https:\/\/santemc.quebec\/icentre\/wp-json\/wp\/v2\/comments?post=4203"}],"version-history":[{"count":3,"href":"https:\/\/santemc.quebec\/icentre\/wp-json\/wp\/v2\/posts\/4203\/revisions"}],"predecessor-version":[{"id":4209,"href":"https:\/\/santemc.quebec\/icentre\/wp-json\/wp\/v2\/posts\/4203\/revisions\/4209"}],"wp:attachment":[{"href":"https:\/\/santemc.quebec\/icentre\/wp-json\/wp\/v2\/media?parent=4203"}],"wp:term":[{"taxonomy":"category","embeddable":true,"href":"https:\/\/santemc.quebec\/icentre\/wp-json\/wp\/v2\/categories?post=4203"},{"taxonomy":"post_tag","embeddable":true,"href":"https:\/\/santemc.quebec\/icentre\/wp-json\/wp\/v2\/tags?post=4203"}],"curies":[{"name":"wp","href":"https:\/\/api.w.org\/{rel}","templated":true}]}}