{"id":421,"date":"2015-06-26T11:54:18","date_gmt":"2015-06-26T15:54:18","guid":{"rendered":"http:\/\/santemc.quebec\/icentre\/?p=421"},"modified":"2015-06-26T11:54:26","modified_gmt":"2015-06-26T15:54:26","slug":"nomination-du-directeur-adjoint-du-programme-de-soutien-a-lautonomie-des-personnes-agees","status":"publish","type":"post","link":"https:\/\/santemc.quebec\/icentre\/nomination-du-directeur-adjoint-du-programme-de-soutien-a-lautonomie-des-personnes-agees\/","title":{"rendered":"Nomination du directeur adjoint du programme de soutien \u00e0 l\u2019autonomie des personnes \u00e2g\u00e9es"},"content":{"rendered":"<p>C\u2019est avec plaisir que je vous annonce la nomination de monsieur \u00c9tienne Veilleux au poste de directeur adjoint du programme de soutien \u00e0 l\u2019autonomie des personnes \u00e2g\u00e9es pour le CISSS de la Mont\u00e9r\u00e9gie-Centre. Gestionnaire d\u2019exp\u00e9rience, monsieur Veilleux poss\u00e8de un parcours professionnel de pr\u00e8s de vingt ans dans le milieu de la sant\u00e9 et des services sociaux. Il occupait, depuis 2013, le poste de directeur Personnes \u00e2g\u00e9es au CSSS Champlain\u2014Charles-Le Moyne. Auparavant, il avait assum\u00e9 respectivement les fonctions d\u2019adjoint \u00e0 la Direction des affaires m\u00e9dicales et d\u2019adjoint \u00e0 la Direction de la sant\u00e9 du CSSS Richelieu-Yamaska, ainsi que celle de coordonnateur des services de support aux op\u00e9rations du CSSS Sud-Ouest\u2014Verdun.<!--more--><\/p>\n<p>Monsieur Veilleux cumule plusieurs formations acad\u00e9miques, dont une ma\u00eetrise en sciences de l\u2019administration, un dipl\u00f4me de m\u00eame qu\u2019un microprogramme de 2e cycle en d\u00e9veloppement des organisations et un microprogramme en gestion du changement et responsabilit\u00e9 populationnelle.<\/p>\n<p>Au fil de ses exp\u00e9riences, il a acquis une solide expertise en gestion des continuums de services pour les personnes \u00e2g\u00e9es ax\u00e9e sur l\u2019approche populationnelle. Reconnu pour sa gestion centr\u00e9e sur l\u2019usager, M. Veilleux exerce un leadership mobilisateur valorisant les contributions de chacun de fa\u00e7on \u00e0 r\u00e9pondre aux nombreux d\u00e9fis que pose le vieillissement de la population pour l\u2019organisation.<\/p>\n<p>Nous sommes tr\u00e8s heureux qu\u2019il se joigne \u00e0 l\u2019\u00e9quipe de direction du CISSS de la Mont\u00e9r\u00e9gie-Centre et nous lui souhaitons la meilleure des chances dans l\u2019exercice de ses nouvelles fonctions, et tout le succ\u00e8s voulu dans la poursuite de sa carri\u00e8re.<\/p>\n","protected":false},"excerpt":{"rendered":"<p>C\u2019est avec plaisir que je vous annonce la nomination de monsieur \u00c9tienne Veilleux au poste de directeur adjoint du programme de soutien \u00e0 l\u2019autonomie des personnes \u00e2g\u00e9es pour le CISSS de la Mont\u00e9r\u00e9gie-Centre. Gestionnaire d\u2019exp\u00e9rience, monsieur Veilleux poss\u00e8de un parcours &hellip; <a href=\"https:\/\/santemc.quebec\/icentre\/nomination-du-directeur-adjoint-du-programme-de-soutien-a-lautonomie-des-personnes-agees\/\">Continuer la lecture <span class=\"meta-nav\">&rarr;<\/span><\/a><\/p>\n","protected":false},"author":1,"featured_media":0,"comment_status":"open","ping_status":"closed","sticky":false,"template":"","format":"standard","meta":{"footnotes":""},"categories":[2],"tags":[8],"_links":{"self":[{"href":"https:\/\/santemc.quebec\/icentre\/wp-json\/wp\/v2\/posts\/421"}],"collection":[{"href":"https:\/\/santemc.quebec\/icentre\/wp-json\/wp\/v2\/posts"}],"about":[{"href":"https:\/\/santemc.quebec\/icentre\/wp-json\/wp\/v2\/types\/post"}],"author":[{"embeddable":true,"href":"https:\/\/santemc.quebec\/icentre\/wp-json\/wp\/v2\/users\/1"}],"replies":[{"embeddable":true,"href":"https:\/\/santemc.quebec\/icentre\/wp-json\/wp\/v2\/comments?post=421"}],"version-history":[{"count":2,"href":"https:\/\/santemc.quebec\/icentre\/wp-json\/wp\/v2\/posts\/421\/revisions"}],"predecessor-version":[{"id":423,"href":"https:\/\/santemc.quebec\/icentre\/wp-json\/wp\/v2\/posts\/421\/revisions\/423"}],"wp:attachment":[{"href":"https:\/\/santemc.quebec\/icentre\/wp-json\/wp\/v2\/media?parent=421"}],"wp:term":[{"taxonomy":"category","embeddable":true,"href":"https:\/\/santemc.quebec\/icentre\/wp-json\/wp\/v2\/categories?post=421"},{"taxonomy":"post_tag","embeddable":true,"href":"https:\/\/santemc.quebec\/icentre\/wp-json\/wp\/v2\/tags?post=421"}],"curies":[{"name":"wp","href":"https:\/\/api.w.org\/{rel}","templated":true}]}}