{"id":4215,"date":"2017-03-24T14:03:02","date_gmt":"2017-03-24T18:03:02","guid":{"rendered":"http:\/\/santemc.quebec\/icentre\/?p=4215"},"modified":"2017-03-24T14:03:02","modified_gmt":"2017-03-24T18:03:02","slug":"dr-pierre-cossette-membre-du-conseil-dadministration-du-cisss-nomme-recteur-de-luniversite-de-sherbrooke","status":"publish","type":"post","link":"https:\/\/santemc.quebec\/icentre\/dr-pierre-cossette-membre-du-conseil-dadministration-du-cisss-nomme-recteur-de-luniversite-de-sherbrooke\/","title":{"rendered":"Dr Pierre Cossette, membre du Conseil d&rsquo;administration du CISSS, nomm\u00e9 recteur de l&rsquo;Universit\u00e9 de Sherbrooke"},"content":{"rendered":"<div style=\"width: 290px\" class=\"wp-caption alignleft\"><a href=\"http:\/\/www.usherbrooke.ca\/gnec\/img\/4\/6\/2073446346-photo_pierre_cossette.jpg\"><img decoding=\"async\" loading=\"lazy\" src=\"http:\/\/www.usherbrooke.ca\/gnec\/img\/4\/6\/2073446346-photo_pierre_cossette.jpg\" alt=\"\" width=\"280\" height=\"191\" \/><\/a><p class=\"wp-caption-text\">Photo : Michel Caron &#8211; UdeS<\/p><\/div>\n<p>Le conseil d&rsquo;administration (CA) de l&rsquo;Universit\u00e9 de Sherbrooke a nomm\u00e9 hier le 10e recteur de son histoire, le Dr Pierre Cossette. L&rsquo;actuel doyen de la Facult\u00e9 de m\u00e9decine et des sciences de la sant\u00e9 (FMSS) d\u00e9butera son nouveau mandat \u00a0le 1er juin prochain, et ce, pour une p\u00e9riode de 5 ans.<\/p>\n<p>Originaire de Saint-Hyacinthe, Pierre Cossette est dipl\u00f4m\u00e9 en m\u00e9decine de l&rsquo;Universit\u00e9 de Montr\u00e9al, en m\u00e9decine interne de l&rsquo;Universit\u00e9 de Sherbrooke et en \u00e9pid\u00e9miologie et biostatistiques (M. Sc.) de l&rsquo;Universit\u00e9 McGill. Professeur \u00e0 l&rsquo;Universit\u00e9 de Sherbrooke depuis 1997, il a \u00e9t\u00e9 directeur du programme de sp\u00e9cialisation en m\u00e9decine interne de 1998 \u00e0 2004, puis directeur du D\u00e9partement de m\u00e9decine du CHUS et de la Facult\u00e9 de m\u00e9decine et des sciences de la sant\u00e9 (FMSS) de 2004 \u00e0 2010. Il est doyen de la FMSS depuis septembre 2010.<!--more--><\/p>\n<p>\u00c0 titre de doyen, Dr\u00a0Cossette s&rsquo;est investi, avec son \u00e9quipe de direction, \u00e0 l&rsquo;am\u00e9lioration des programmes de la FMSS, au repositionnement de sa recherche, \u00e0 l&rsquo;am\u00e9lioration du milieu de travail et d&rsquo;\u00e9tudes, ainsi qu&rsquo;au d\u00e9veloppement de son r\u00e9seau et de ses partenariats. Outre les nombreuses visites d&rsquo;agr\u00e9ment r\u00e9ussies, plusieurs programmes ont \u00e9t\u00e9 d\u00e9velopp\u00e9s, dont un nouveau baccalaur\u00e9at en sciences infirmi\u00e8res r\u00e9pondant \u00e0 un important besoin de la soci\u00e9t\u00e9. Le programme MD a \u00e9t\u00e9 converti au format num\u00e9rique. La recherche a \u00e9t\u00e9 restructur\u00e9e en th\u00e8mes porteurs, de concert avec les centres de recherche du r\u00e9seau, et a connu une croissance de 34 % de son financement de 2010 \u00e0 2016. Une campagne de financement a permis d&rsquo;amasser une somme record au sein de la communaut\u00e9 facultaire et ce succ\u00e8s a permis la construction de laboratoires de simulation clinique et la constitution d&rsquo;un ambitieux programme de bourses de recherche aux \u00e9tudes sup\u00e9rieures qui ont transform\u00e9 le positionnement de la FMSS dans ce domaine. Trois contrats de travail ont \u00e9t\u00e9 renouvel\u00e9s de fa\u00e7on coll\u00e9giale avec les associations professorales facultaires.<\/p>\n<p><!--more--><\/p>\n<p>Dr\u00a0Cossette est actif dans plusieurs instances du r\u00e9seau de la sant\u00e9 et est associ\u00e9 \u00e0 notre organisation depuis plusieurs ann\u00e9es. Il a notamment \u00e9t\u00e9 membre du CA du CSSS Champlain Charles-Le Moyne, puis membre du CA du CISSS de la Mont\u00e9r\u00e9gie-Centre depuis sa cr\u00e9ation en avril 2015, en tant que repr\u00e9sentant du milieu universitaire.<\/p>\n<p>Toutes nos f\u00e9licitations au Dr Cossette pour cette prestigieuse nomination.<\/p>\n","protected":false},"excerpt":{"rendered":"<p>Le conseil d&rsquo;administration (CA) de l&rsquo;Universit\u00e9 de Sherbrooke a nomm\u00e9 hier le 10e recteur de son histoire, le Dr Pierre Cossette. L&rsquo;actuel doyen de la Facult\u00e9 de m\u00e9decine et des sciences de la sant\u00e9 (FMSS) d\u00e9butera son nouveau mandat \u00a0le &hellip; <a href=\"https:\/\/santemc.quebec\/icentre\/dr-pierre-cossette-membre-du-conseil-dadministration-du-cisss-nomme-recteur-de-luniversite-de-sherbrooke\/\">Continuer la lecture <span class=\"meta-nav\">&rarr;<\/span><\/a><\/p>\n","protected":false},"author":1,"featured_media":0,"comment_status":"open","ping_status":"closed","sticky":false,"template":"","format":"standard","meta":{"footnotes":""},"categories":[1],"tags":[],"_links":{"self":[{"href":"https:\/\/santemc.quebec\/icentre\/wp-json\/wp\/v2\/posts\/4215"}],"collection":[{"href":"https:\/\/santemc.quebec\/icentre\/wp-json\/wp\/v2\/posts"}],"about":[{"href":"https:\/\/santemc.quebec\/icentre\/wp-json\/wp\/v2\/types\/post"}],"author":[{"embeddable":true,"href":"https:\/\/santemc.quebec\/icentre\/wp-json\/wp\/v2\/users\/1"}],"replies":[{"embeddable":true,"href":"https:\/\/santemc.quebec\/icentre\/wp-json\/wp\/v2\/comments?post=4215"}],"version-history":[{"count":6,"href":"https:\/\/santemc.quebec\/icentre\/wp-json\/wp\/v2\/posts\/4215\/revisions"}],"predecessor-version":[{"id":4227,"href":"https:\/\/santemc.quebec\/icentre\/wp-json\/wp\/v2\/posts\/4215\/revisions\/4227"}],"wp:attachment":[{"href":"https:\/\/santemc.quebec\/icentre\/wp-json\/wp\/v2\/media?parent=4215"}],"wp:term":[{"taxonomy":"category","embeddable":true,"href":"https:\/\/santemc.quebec\/icentre\/wp-json\/wp\/v2\/categories?post=4215"},{"taxonomy":"post_tag","embeddable":true,"href":"https:\/\/santemc.quebec\/icentre\/wp-json\/wp\/v2\/tags?post=4215"}],"curies":[{"name":"wp","href":"https:\/\/api.w.org\/{rel}","templated":true}]}}