{"id":4220,"date":"2017-03-24T10:42:50","date_gmt":"2017-03-24T14:42:50","guid":{"rendered":"http:\/\/santemc.quebec\/icentre\/?p=4220"},"modified":"2017-03-24T10:43:56","modified_gmt":"2017-03-24T14:43:56","slug":"les-dernieres-nominations-de-cadres-intermediaires-8","status":"publish","type":"post","link":"https:\/\/santemc.quebec\/icentre\/les-dernieres-nominations-de-cadres-intermediaires-8\/","title":{"rendered":"Les derni\u00e8res nominations de cadres interm\u00e9diaires"},"content":{"rendered":"<p>Voici les plus r\u00e9centes nominations :<br \/>\n<!--more--><\/p>\n<p><strong>Direction de la sant\u00e9 publique<\/strong><\/p>\n<table style=\"width: 75%;\">\n<tbody>\n<tr>\n<td style=\"width: 70%;\">Adjoint \u00e0 la directrice de la sant\u00e9 publique &#8211; Planification, \u00e9valuation et surveillance (Entr\u00e9e en fonction : 27 mars 2017)<\/td>\n<td style=\"width: 5%;\"><\/td>\n<td style=\"width: 25%;\">M. Fran\u00e7ois Pilote<\/td>\n<\/tr>\n<\/tbody>\n<\/table>\n<p><strong>Direction de la logistique<\/strong><\/p>\n<table style=\"width: 75%;\">\n<tbody>\n<tr>\n<td style=\"width: 70%;\">Chef du service des achats et de la performance de l\u2019approvisionnement<br \/>\n(Entr\u00e9e en fonction : 27 mars 2017)<\/td>\n<td style=\"width: 5%;\"><\/td>\n<td style=\"width: 25%;\">M. Jean B\u00e9liveau<\/td>\n<\/tr>\n<\/tbody>\n<\/table>\n<p><strong>Direction des soins infirmiers<\/strong><\/p>\n<table style=\"width: 75%;\">\n<tbody>\n<tr>\n<td style=\"width: 70%;\">Chef int\u00e9rimaire d\u2019unit\u00e9 de m\u00e9decine (5e Nord et 6e Sud \u00e0 HHR)<br \/>\n(Entr\u00e9e en fonction : 1er mai 2017)<\/td>\n<td style=\"width: 5%;\"><\/td>\n<td style=\"width: 25%;\">Mme Sandra Morin<\/td>\n<\/tr>\n<\/tbody>\n<\/table>\n<p>&nbsp;<\/p>\n","protected":false},"excerpt":{"rendered":"<p>Voici les plus r\u00e9centes nominations :<\/p>\n","protected":false},"author":1,"featured_media":0,"comment_status":"open","ping_status":"closed","sticky":false,"template":"","format":"standard","meta":{"footnotes":""},"categories":[1],"tags":[8],"_links":{"self":[{"href":"https:\/\/santemc.quebec\/icentre\/wp-json\/wp\/v2\/posts\/4220"}],"collection":[{"href":"https:\/\/santemc.quebec\/icentre\/wp-json\/wp\/v2\/posts"}],"about":[{"href":"https:\/\/santemc.quebec\/icentre\/wp-json\/wp\/v2\/types\/post"}],"author":[{"embeddable":true,"href":"https:\/\/santemc.quebec\/icentre\/wp-json\/wp\/v2\/users\/1"}],"replies":[{"embeddable":true,"href":"https:\/\/santemc.quebec\/icentre\/wp-json\/wp\/v2\/comments?post=4220"}],"version-history":[{"count":3,"href":"https:\/\/santemc.quebec\/icentre\/wp-json\/wp\/v2\/posts\/4220\/revisions"}],"predecessor-version":[{"id":4223,"href":"https:\/\/santemc.quebec\/icentre\/wp-json\/wp\/v2\/posts\/4220\/revisions\/4223"}],"wp:attachment":[{"href":"https:\/\/santemc.quebec\/icentre\/wp-json\/wp\/v2\/media?parent=4220"}],"wp:term":[{"taxonomy":"category","embeddable":true,"href":"https:\/\/santemc.quebec\/icentre\/wp-json\/wp\/v2\/categories?post=4220"},{"taxonomy":"post_tag","embeddable":true,"href":"https:\/\/santemc.quebec\/icentre\/wp-json\/wp\/v2\/tags?post=4220"}],"curies":[{"name":"wp","href":"https:\/\/api.w.org\/{rel}","templated":true}]}}