{"id":424,"date":"2015-06-26T11:56:22","date_gmt":"2015-06-26T15:56:22","guid":{"rendered":"http:\/\/santemc.quebec\/icentre\/?p=424"},"modified":"2015-06-26T15:10:17","modified_gmt":"2015-06-26T19:10:17","slug":"nomination-des-responsables-de-lacces-aux-documents-et-de-la-protection-des-renseignements","status":"publish","type":"post","link":"https:\/\/santemc.quebec\/icentre\/nomination-des-responsables-de-lacces-aux-documents-et-de-la-protection-des-renseignements\/","title":{"rendered":"Nomination des responsables de l\u2019acc\u00e8s aux documents et de la protection des renseignements"},"content":{"rendered":"<p>La pr\u00e9sente a pour objet de vous informer de la nomination des responsables de l\u2019acc\u00e8s aux documents et de la protection des renseignements personnels pour le CISSS de la Mont\u00e9r\u00e9gie-Centre.<!--more--><br \/>\nMadame Catherine Bouchard, cadre par int\u00e9rim aux affaires juridiques, se voit confier la responsabilit\u00e9 de l\u2019acc\u00e8s aux documents et de la protection des renseignements personnels pour les dossiers administratifs et les dossiers des employ\u00e9s. Elle peut \u00eatre jointe au 450 466-5000, poste 4888.<\/p>\n<p>Les personnes d\u00e9sign\u00e9es comme responsables des renseignements personnels (dossiers des usagers) sont les suivantes :<\/p>\n<ul>\n<li>territoire Champlain\u2013Charles-Le Moyne &#8211; madame Marie-Claude Paquette, chef des archives par int\u00e9rim;<br \/>\ncoordonn\u00e9es : 450 466-5000, poste 2705;<\/li>\n<li>territoire Haut-Richelieu\u2013Rouville &#8211; madame Nathalie Falardeau, chef des archives par int\u00e9rim;<br \/>\ncoordonn\u00e9es : 450 359-5000, poste 5107;<\/li>\n<li>Institut Nazareth et Louis-Braille &#8211; madame Jos\u00e9e H\u00e9bert, adjointe \u00e0 la Direction des services professionnels et de r\u00e9adaptation, chef des services Accueil-\u00e9valuation-orientation, Accueil-archives;<br \/>\ncoordonn\u00e9es : 450 463-1710, poste 268.<\/li>\n<\/ul>\n<p>Je leur souhaite la meilleure des chances dans l\u2019exercice de leurs nouveaux mandats.<\/p>\n","protected":false},"excerpt":{"rendered":"<p>La pr\u00e9sente a pour objet de vous informer de la nomination des responsables de l\u2019acc\u00e8s aux documents et de la protection des renseignements personnels pour le CISSS de la Mont\u00e9r\u00e9gie-Centre.<\/p>\n","protected":false},"author":1,"featured_media":0,"comment_status":"open","ping_status":"closed","sticky":false,"template":"","format":"standard","meta":{"footnotes":""},"categories":[2],"tags":[8],"_links":{"self":[{"href":"https:\/\/santemc.quebec\/icentre\/wp-json\/wp\/v2\/posts\/424"}],"collection":[{"href":"https:\/\/santemc.quebec\/icentre\/wp-json\/wp\/v2\/posts"}],"about":[{"href":"https:\/\/santemc.quebec\/icentre\/wp-json\/wp\/v2\/types\/post"}],"author":[{"embeddable":true,"href":"https:\/\/santemc.quebec\/icentre\/wp-json\/wp\/v2\/users\/1"}],"replies":[{"embeddable":true,"href":"https:\/\/santemc.quebec\/icentre\/wp-json\/wp\/v2\/comments?post=424"}],"version-history":[{"count":2,"href":"https:\/\/santemc.quebec\/icentre\/wp-json\/wp\/v2\/posts\/424\/revisions"}],"predecessor-version":[{"id":426,"href":"https:\/\/santemc.quebec\/icentre\/wp-json\/wp\/v2\/posts\/424\/revisions\/426"}],"wp:attachment":[{"href":"https:\/\/santemc.quebec\/icentre\/wp-json\/wp\/v2\/media?parent=424"}],"wp:term":[{"taxonomy":"category","embeddable":true,"href":"https:\/\/santemc.quebec\/icentre\/wp-json\/wp\/v2\/categories?post=424"},{"taxonomy":"post_tag","embeddable":true,"href":"https:\/\/santemc.quebec\/icentre\/wp-json\/wp\/v2\/tags?post=424"}],"curies":[{"name":"wp","href":"https:\/\/api.w.org\/{rel}","templated":true}]}}