{"id":4249,"date":"2017-03-27T09:38:23","date_gmt":"2017-03-27T13:38:23","guid":{"rendered":"http:\/\/santemc.quebec\/icentre\/?p=4249"},"modified":"2017-03-27T09:38:23","modified_gmt":"2017-03-27T13:38:23","slug":"designation-de-lhopital-charles-le-moyne-a-titre-de-site-a-la-maitrise-pour-la-faculte-de-pharmacie-de-luniversite-de-montreal","status":"publish","type":"post","link":"https:\/\/santemc.quebec\/icentre\/designation-de-lhopital-charles-le-moyne-a-titre-de-site-a-la-maitrise-pour-la-faculte-de-pharmacie-de-luniversite-de-montreal\/","title":{"rendered":"D\u00e9signation de l\u2019H\u00f4pital Charles-Le Moyne \u00e0 titre de site \u00e0 la maitrise pour la Facult\u00e9 de pharmacie de l&rsquo;Universit\u00e9 de Montr\u00e9al"},"content":{"rendered":"<p>Bonjour,<\/p>\n<p>C\u2019est avec beaucoup de fiert\u00e9 que je vous annonce la d\u00e9signation officielle de l\u2019H\u00f4pital Charles-Le Moyne \u00e0 titre de site \u00e0 la ma\u00eetrise en pharmacoth\u00e9rapie avanc\u00e9e pour la Facult\u00e9 de pharmacie de l\u2019Universit\u00e9 de Montr\u00e9al. Premier \u00e9tablissement depuis plus de 20 ans \u00e0 obtenir cette d\u00e9signation de la part\u00a0 de la Facult\u00e9, l\u2019H\u00f4pital devient le seul site de r\u00e9sidence en pharmacie de l\u2019Universit\u00e9 de Montr\u00e9al en Mont\u00e9r\u00e9gie et ce, d\u00e8s l\u2019ann\u00e9e 2017-2018. Cette grande nouvelle repr\u00e9sente un atout majeur pour l\u2019enseignement et la mission universitaire de notre organisation.<!--more--><\/p>\n<p>Une telle d\u00e9signation s\u2019obtient gr\u00e2ce au travail exceptionnel des \u00e9quipes en place qui ont \u00e0 c\u0153ur de d\u00e9velopper l\u2019enseignement pour offrir des soins et services de qualit\u00e9.\u00a0 Je remercie la Direction de l\u2019enseignement ainsi que la Direction des services professionnels pour leur collaboration dans ce dossier. Je d\u00e9sire \u00e9galement souligner l\u2019engagement continu des pharmaciens et du personnel du d\u00e9partement de pharmacie ainsi que leur chef,\u00a0 Genevi\u00e8ve Cayer, qui ont travaill\u00e9 avec beaucoup de rigueur au cours des derni\u00e8res ann\u00e9es dans le but d\u2019obtenir cette accr\u00e9ditation.<\/p>\n<p>Richard Deschamps<br \/>\nPr\u00e9sident-directeur g\u00e9n\u00e9ral<\/p>\n<p>&nbsp;<\/p>\n","protected":false},"excerpt":{"rendered":"<p>Bonjour, C\u2019est avec beaucoup de fiert\u00e9 que je vous annonce la d\u00e9signation officielle de l\u2019H\u00f4pital Charles-Le Moyne \u00e0 titre de site \u00e0 la ma\u00eetrise en pharmacoth\u00e9rapie avanc\u00e9e pour la Facult\u00e9 de pharmacie de l\u2019Universit\u00e9 de Montr\u00e9al. Premier \u00e9tablissement depuis plus &hellip; <a href=\"https:\/\/santemc.quebec\/icentre\/designation-de-lhopital-charles-le-moyne-a-titre-de-site-a-la-maitrise-pour-la-faculte-de-pharmacie-de-luniversite-de-montreal\/\">Continuer la lecture <span class=\"meta-nav\">&rarr;<\/span><\/a><\/p>\n","protected":false},"author":1,"featured_media":0,"comment_status":"open","ping_status":"closed","sticky":false,"template":"","format":"standard","meta":{"footnotes":""},"categories":[1],"tags":[],"_links":{"self":[{"href":"https:\/\/santemc.quebec\/icentre\/wp-json\/wp\/v2\/posts\/4249"}],"collection":[{"href":"https:\/\/santemc.quebec\/icentre\/wp-json\/wp\/v2\/posts"}],"about":[{"href":"https:\/\/santemc.quebec\/icentre\/wp-json\/wp\/v2\/types\/post"}],"author":[{"embeddable":true,"href":"https:\/\/santemc.quebec\/icentre\/wp-json\/wp\/v2\/users\/1"}],"replies":[{"embeddable":true,"href":"https:\/\/santemc.quebec\/icentre\/wp-json\/wp\/v2\/comments?post=4249"}],"version-history":[{"count":1,"href":"https:\/\/santemc.quebec\/icentre\/wp-json\/wp\/v2\/posts\/4249\/revisions"}],"predecessor-version":[{"id":4250,"href":"https:\/\/santemc.quebec\/icentre\/wp-json\/wp\/v2\/posts\/4249\/revisions\/4250"}],"wp:attachment":[{"href":"https:\/\/santemc.quebec\/icentre\/wp-json\/wp\/v2\/media?parent=4249"}],"wp:term":[{"taxonomy":"category","embeddable":true,"href":"https:\/\/santemc.quebec\/icentre\/wp-json\/wp\/v2\/categories?post=4249"},{"taxonomy":"post_tag","embeddable":true,"href":"https:\/\/santemc.quebec\/icentre\/wp-json\/wp\/v2\/tags?post=4249"}],"curies":[{"name":"wp","href":"https:\/\/api.w.org\/{rel}","templated":true}]}}