{"id":428,"date":"2015-06-29T15:03:51","date_gmt":"2015-06-29T19:03:51","guid":{"rendered":"http:\/\/santemc.quebec\/icentre\/?p=428"},"modified":"2015-06-29T15:03:51","modified_gmt":"2015-06-29T19:03:51","slug":"notre-cisss-souligne-les-annees-de-services-des-employes-du-territoire-champlain-charles-le-moyne","status":"publish","type":"post","link":"https:\/\/santemc.quebec\/icentre\/notre-cisss-souligne-les-annees-de-services-des-employes-du-territoire-champlain-charles-le-moyne\/","title":{"rendered":"Notre CISSS souligne les ann\u00e9es de services des employ\u00e9s du territoire Champlain\u2013Charles-Le Moyne"},"content":{"rendered":"<p>Le 11 juin dernier avait lieu l\u2019\u00e9v\u00e9nement de reconnaissance des 25, 30, 35, 40 et m\u00eame 45 ann\u00e9es de service pour le territoire Champlain\u2013Charles-Le Moyne. \u00c0 cette occasion, les directeurs et gestionnaires de notre CISSS \u00e9taient pr\u00e9sents pour souligner la contribution remarquable de 154 personnes, dont 100 \u00e9taient du rendez-vous.<!--more--><\/p>\n<p>Lors de l\u2019\u00e9v\u00e9nement, monsieur Richard Deschamps, pr\u00e9sident-directeur g\u00e9n\u00e9ral, ainsi que madame Maryse Poupart, directrice des ressources humaines, communications et affaires juridiques, ont adress\u00e9 quelques mots de reconnaissance aux personnes f\u00eat\u00e9es.<\/p>\n<p>La noble cause de la sant\u00e9 a pu b\u00e9n\u00e9ficier de l\u2019engagement exceptionnel de ces 154 personnes, et ce, depuis de nombreuses ann\u00e9es. Toutes ont particip\u00e9 \u00e0 l\u2019\u00e9volution des pratiques, \u00e0 la cr\u00e9ation de nouveaux partenariats et \u00e0 d\u2019importantes transformations. Toujours, elles ont gard\u00e9 le patient en t\u00eate. Le savoir-faire qu\u2019elles ont d\u00e9velopp\u00e9 a une valeur inestimable pour notre organisation.<\/p>\n<p>Certaines continueront encore \u00e0 transmettre leurs connaissances et \u00e0 enrichir nos milieux de travail, nos milieux de soins et nos milieux de vie. D\u2019autres, pour leur part, ont choisi la voie d\u2019une retraite pleinement m\u00e9rit\u00e9e. Peu importe leur mission et leur lieu de travail, toutes ces personnes ont la vocation dans le sang. Merci et f\u00e9licitations \u00e0 vous!<\/p>\n<p>Nous tenons \u00e9galement \u00e0 remercier le comit\u00e9 organisateur de cette soir\u00e9e, mesdames Julie Paquette, Madeleine Cabana, Christine Bessette, Jos\u00e9e Dubuc, Jocelyne Thiffault, Lucie Di Tomaso et Annie Laroche, ainsi que son animateur monsieur Louis-Charles Primeau de l\u2019\u00e9quipe adjointe au PDG, relations m\u00e9dias.<\/p>\n<p><em>25 ans de s<\/em><em>ervices<\/em><\/p>\n<p><a href=\"http:\/\/santemc.quebec\/santemc\/icentre\/wp-content\/uploads\/2015\/06\/1RF_3513.jpg\"><img decoding=\"async\" loading=\"lazy\" class=\"alignnone size-medium wp-image-429\" src=\"http:\/\/santemc.quebec\/santemc\/icentre\/wp-content\/uploads\/2015\/06\/1RF_3513-300x155.jpg\" alt=\"1RF_3513\" width=\"300\" height=\"155\" srcset=\"https:\/\/santemc.quebec\/santemc\/icentre\/wp-content\/uploads\/2015\/06\/1RF_3513-300x155.jpg 300w, https:\/\/santemc.quebec\/santemc\/icentre\/wp-content\/uploads\/2015\/06\/1RF_3513-1024x527.jpg 1024w, https:\/\/santemc.quebec\/santemc\/icentre\/wp-content\/uploads\/2015\/06\/1RF_3513-500x258.jpg 500w, https:\/\/santemc.quebec\/santemc\/icentre\/wp-content\/uploads\/2015\/06\/1RF_3513.jpg 1200w\" sizes=\"(max-width: 300px) 100vw, 300px\" \/><\/a><\/p>\n<p><a href=\"http:\/\/santemc.quebec\/santemc\/icentre\/wp-content\/uploads\/2015\/06\/1RF_3522.jpg\"><img decoding=\"async\" loading=\"lazy\" class=\"alignnone size-medium wp-image-430\" src=\"http:\/\/santemc.quebec\/santemc\/icentre\/wp-content\/uploads\/2015\/06\/1RF_3522-300x167.jpg\" alt=\"1RF_3522\" width=\"300\" height=\"167\" srcset=\"https:\/\/santemc.quebec\/santemc\/icentre\/wp-content\/uploads\/2015\/06\/1RF_3522-300x167.jpg 300w, https:\/\/santemc.quebec\/santemc\/icentre\/wp-content\/uploads\/2015\/06\/1RF_3522-1024x569.jpg 1024w, https:\/\/santemc.quebec\/santemc\/icentre\/wp-content\/uploads\/2015\/06\/1RF_3522-500x278.jpg 500w, https:\/\/santemc.quebec\/santemc\/icentre\/wp-content\/uploads\/2015\/06\/1RF_3522.jpg 1176w\" sizes=\"(max-width: 300px) 100vw, 300px\" \/><\/a><\/p>\n<p><em>30\u00a0ans de services<\/em><\/p>\n<p><a href=\"http:\/\/santemc.quebec\/santemc\/icentre\/wp-content\/uploads\/2015\/06\/1RF_3538.jpg\"><img decoding=\"async\" loading=\"lazy\" class=\"alignnone size-medium wp-image-431\" src=\"http:\/\/santemc.quebec\/santemc\/icentre\/wp-content\/uploads\/2015\/06\/1RF_3538-300x160.jpg\" alt=\"1RF_3538\" width=\"300\" height=\"160\" srcset=\"https:\/\/santemc.quebec\/santemc\/icentre\/wp-content\/uploads\/2015\/06\/1RF_3538-300x160.jpg 300w, https:\/\/santemc.quebec\/santemc\/icentre\/wp-content\/uploads\/2015\/06\/1RF_3538-1024x547.jpg 1024w, https:\/\/santemc.quebec\/santemc\/icentre\/wp-content\/uploads\/2015\/06\/1RF_3538-500x267.jpg 500w, https:\/\/santemc.quebec\/santemc\/icentre\/wp-content\/uploads\/2015\/06\/1RF_3538.jpg 1200w\" sizes=\"(max-width: 300px) 100vw, 300px\" \/><\/a><\/p>\n<p><em>35 ans de services<\/em><\/p>\n<p><a href=\"http:\/\/santemc.quebec\/santemc\/icentre\/wp-content\/uploads\/2015\/06\/1RF_3542.jpg\"><img decoding=\"async\" loading=\"lazy\" class=\"alignnone size-medium wp-image-432\" src=\"http:\/\/santemc.quebec\/santemc\/icentre\/wp-content\/uploads\/2015\/06\/1RF_3542-300x164.jpg\" alt=\"1RF_3542\" width=\"300\" height=\"164\" srcset=\"https:\/\/santemc.quebec\/santemc\/icentre\/wp-content\/uploads\/2015\/06\/1RF_3542-300x164.jpg 300w, https:\/\/santemc.quebec\/santemc\/icentre\/wp-content\/uploads\/2015\/06\/1RF_3542-1024x561.jpg 1024w, https:\/\/santemc.quebec\/santemc\/icentre\/wp-content\/uploads\/2015\/06\/1RF_3542-500x274.jpg 500w, https:\/\/santemc.quebec\/santemc\/icentre\/wp-content\/uploads\/2015\/06\/1RF_3542.jpg 1200w\" sizes=\"(max-width: 300px) 100vw, 300px\" \/><\/a><\/p>\n<p><a href=\"http:\/\/santemc.quebec\/santemc\/icentre\/wp-content\/uploads\/2015\/06\/1RF_3548.jpg\"><img decoding=\"async\" loading=\"lazy\" class=\"alignnone size-medium wp-image-433\" src=\"http:\/\/santemc.quebec\/santemc\/icentre\/wp-content\/uploads\/2015\/06\/1RF_3548-300x164.jpg\" alt=\"1RF_3548\" width=\"300\" height=\"164\" srcset=\"https:\/\/santemc.quebec\/santemc\/icentre\/wp-content\/uploads\/2015\/06\/1RF_3548-300x164.jpg 300w, https:\/\/santemc.quebec\/santemc\/icentre\/wp-content\/uploads\/2015\/06\/1RF_3548-1024x559.jpg 1024w, https:\/\/santemc.quebec\/santemc\/icentre\/wp-content\/uploads\/2015\/06\/1RF_3548-500x273.jpg 500w, https:\/\/santemc.quebec\/santemc\/icentre\/wp-content\/uploads\/2015\/06\/1RF_3548.jpg 1200w\" sizes=\"(max-width: 300px) 100vw, 300px\" \/><\/a><\/p>\n<p><em>40\u00a0ans de services<\/em><\/p>\n<p><img decoding=\"async\" loading=\"lazy\" class=\"alignnone size-medium wp-image-435\" src=\"http:\/\/santemc.quebec\/santemc\/icentre\/wp-content\/uploads\/2015\/06\/1RF_3562-300x282.jpg\" alt=\"1RF_3562\" width=\"300\" height=\"282\" srcset=\"https:\/\/santemc.quebec\/santemc\/icentre\/wp-content\/uploads\/2015\/06\/1RF_3562-300x282.jpg 300w, https:\/\/santemc.quebec\/santemc\/icentre\/wp-content\/uploads\/2015\/06\/1RF_3562-1024x963.jpg 1024w, https:\/\/santemc.quebec\/santemc\/icentre\/wp-content\/uploads\/2015\/06\/1RF_3562-319x300.jpg 319w, https:\/\/santemc.quebec\/santemc\/icentre\/wp-content\/uploads\/2015\/06\/1RF_3562.jpg 1200w\" sizes=\"(max-width: 300px) 100vw, 300px\" \/><\/p>\n<p><em>45\u00a0ann\u00e9es de services<\/em><\/p>\n<p><a href=\"http:\/\/santemc.quebec\/santemc\/icentre\/wp-content\/uploads\/2015\/06\/1RF_3558.jpg\"><img decoding=\"async\" loading=\"lazy\" class=\"alignnone size-medium wp-image-434\" src=\"http:\/\/santemc.quebec\/santemc\/icentre\/wp-content\/uploads\/2015\/06\/1RF_3558-300x283.jpg\" alt=\"1RF_3558\" width=\"300\" height=\"283\" srcset=\"https:\/\/santemc.quebec\/santemc\/icentre\/wp-content\/uploads\/2015\/06\/1RF_3558-300x283.jpg 300w, https:\/\/santemc.quebec\/santemc\/icentre\/wp-content\/uploads\/2015\/06\/1RF_3558-1024x965.jpg 1024w, https:\/\/santemc.quebec\/santemc\/icentre\/wp-content\/uploads\/2015\/06\/1RF_3558-318x300.jpg 318w, https:\/\/santemc.quebec\/santemc\/icentre\/wp-content\/uploads\/2015\/06\/1RF_3558.jpg 1200w\" sizes=\"(max-width: 300px) 100vw, 300px\" \/><\/a><\/p>\n<p><em>\u00a0<\/em><\/p>\n","protected":false},"excerpt":{"rendered":"<p>Le 11 juin dernier avait lieu l\u2019\u00e9v\u00e9nement de reconnaissance des 25, 30, 35, 40 et m\u00eame 45 ann\u00e9es de service pour le territoire Champlain\u2013Charles-Le Moyne. \u00c0 cette occasion, les directeurs et gestionnaires de notre CISSS \u00e9taient pr\u00e9sents pour souligner la &hellip; <a href=\"https:\/\/santemc.quebec\/icentre\/notre-cisss-souligne-les-annees-de-services-des-employes-du-territoire-champlain-charles-le-moyne\/\">Continuer la lecture <span class=\"meta-nav\">&rarr;<\/span><\/a><\/p>\n","protected":false},"author":2,"featured_media":0,"comment_status":"open","ping_status":"closed","sticky":false,"template":"","format":"standard","meta":{"footnotes":""},"categories":[2],"tags":[],"_links":{"self":[{"href":"https:\/\/santemc.quebec\/icentre\/wp-json\/wp\/v2\/posts\/428"}],"collection":[{"href":"https:\/\/santemc.quebec\/icentre\/wp-json\/wp\/v2\/posts"}],"about":[{"href":"https:\/\/santemc.quebec\/icentre\/wp-json\/wp\/v2\/types\/post"}],"author":[{"embeddable":true,"href":"https:\/\/santemc.quebec\/icentre\/wp-json\/wp\/v2\/users\/2"}],"replies":[{"embeddable":true,"href":"https:\/\/santemc.quebec\/icentre\/wp-json\/wp\/v2\/comments?post=428"}],"version-history":[{"count":2,"href":"https:\/\/santemc.quebec\/icentre\/wp-json\/wp\/v2\/posts\/428\/revisions"}],"predecessor-version":[{"id":442,"href":"https:\/\/santemc.quebec\/icentre\/wp-json\/wp\/v2\/posts\/428\/revisions\/442"}],"wp:attachment":[{"href":"https:\/\/santemc.quebec\/icentre\/wp-json\/wp\/v2\/media?parent=428"}],"wp:term":[{"taxonomy":"category","embeddable":true,"href":"https:\/\/santemc.quebec\/icentre\/wp-json\/wp\/v2\/categories?post=428"},{"taxonomy":"post_tag","embeddable":true,"href":"https:\/\/santemc.quebec\/icentre\/wp-json\/wp\/v2\/tags?post=428"}],"curies":[{"name":"wp","href":"https:\/\/api.w.org\/{rel}","templated":true}]}}