{"id":4320,"date":"2017-05-02T16:03:51","date_gmt":"2017-05-02T20:03:51","guid":{"rendered":"http:\/\/santemc.quebec\/icentre\/?p=4320"},"modified":"2017-06-19T08:55:49","modified_gmt":"2017-06-19T12:55:49","slug":"ca-y-est-le-cisss-fait-son-entree-officielle-sur-les-medias-sociaux","status":"publish","type":"post","link":"https:\/\/santemc.quebec\/icentre\/ca-y-est-le-cisss-fait-son-entree-officielle-sur-les-medias-sociaux\/","title":{"rendered":"\u00c7a y est! Le CISSS fait son entr\u00e9e officielle sur les m\u00e9dias sociaux"},"content":{"rendered":"<p><img decoding=\"async\" loading=\"lazy\" class=\"alignleft size-medium\" src=\"http:\/\/www.latinocean.com\/blog\/wp-content\/uploads\/2011\/08\/Linkedin-Facebook1.jpg\" width=\"250\" height=\"126\" \/><\/p>\n<div id=\"fb-root\"><script>(function(d, s, id) {\n  var js, fjs = d.getElementsByTagName(s)[0];\n  if (d.getElementById(id)) return;\n  js = d.createElement(s); js.id = id;\n  js.src = \"\/\/connect.facebook.net\/fr_CA\/sdk.js#xfbml=1&version=v2.8\";\n  fjs.parentNode.insertBefore(js, fjs);\n}(document, 'script', 'facebook-jssdk'));<\/script><\/div>\n<p>L&rsquo;ensemble du personnel, des m\u00e9decins, des \u00e9tudiants et des b\u00e9n\u00e9voles est invit\u00e9 \u00e0 \u00ab\u00a0suivre\u00a0\u00bb le CISSS de la Mont\u00e9r\u00e9gie-Centre sur Facebook et sur LinkedIn. Au menu, vous y trouverez des nouvelles, des bons coups, des offres d&#8217;emplois, des innovations provenant de nos \u00e9quipes, des sondages, etc.<!--more--><br \/>\nEn continuit\u00e9 avec nos autres outils de communications, nous sommes convaincus que les\u00a0m\u00e9dias sociaux permettront de faire rayonner encore plus notre\u00a0CISSS ainsi que ses \u00e9quipes dans\u00a0la communaut\u00e9.<\/p>\n<p>Vous pouvez collaborer \u00e0 faire de cette exp\u00e9rience un succ\u00e8s en quelques clics :<\/p>\n<p><strong>Vous \u00eates sur Facebook? Nous vous invitons \u00e0 visiter notre page\u00a0<\/strong><a href=\"https:\/\/www.facebook.com\/cisssmc\" target=\"_blank\" rel=\"noopener noreferrer\">https:\/\/www.facebook.com\/cisssmc<\/a>, <strong>et :<\/strong><\/p>\n<ul>\n<li>\u00ab\u00a0Aimez-nous\u00a0\u00bb !\n<div class=\"fb-like\" data-href=\"https:\/\/developers.facebook.com\/docs\/plugins\/\" data-layout=\"button\" data-action=\"like\" data-size=\"small\" data-show-faces=\"true\" data-share=\"false\"><\/div>\n<\/li>\n<li>\u00ab\u00a0Suivez-nous\u00a0\u00bb !\n<div class=\"fb-follow\" data-href=\"https:\/\/www.facebook.com\/cisssmc\" data-layout=\"button\" data-size=\"small\" data-show-faces=\"false\"><\/div>\n<\/li>\n<\/ul>\n<p><strong>Vous \u00eates sur LinkedIn?<\/strong><\/p>\n<ul>\n<li>Visitez notre page\u00a0LinkedIn : <a href=\"https:\/\/www.linkedin.com\/company\/cisssmc\" target=\"_blank\" rel=\"noopener noreferrer\">https:\/\/www.linkedin.com\/company\/cisssmc<\/a><\/li>\n<li>Inscrivez le CISSS de la Mont\u00e9r\u00e9gie-Centre comme \u00e9tant votre employeur actuel<\/li>\n<li>Et \u00ab\u00a0suivez-nous\u00a0\u00bb! <script src=\"\/\/platform.linkedin.com\/in.js\" type=\"text\/javascript\"> lang: fr_FR<\/script><script type=\"IN\/FollowCompany\" data-id=\"12175678\"><\/script><\/li>\n<\/ul>\n<p>&nbsp;<\/p>\n<p>&nbsp;<\/p>\n","protected":false},"excerpt":{"rendered":"<p>L&rsquo;ensemble du personnel, des m\u00e9decins, des \u00e9tudiants et des b\u00e9n\u00e9voles est invit\u00e9 \u00e0 \u00ab\u00a0suivre\u00a0\u00bb le CISSS de la Mont\u00e9r\u00e9gie-Centre sur Facebook et sur LinkedIn. Au menu, vous y trouverez des nouvelles, des bons coups, des offres d&#8217;emplois, des innovations provenant &hellip; <a href=\"https:\/\/santemc.quebec\/icentre\/ca-y-est-le-cisss-fait-son-entree-officielle-sur-les-medias-sociaux\/\">Continuer la lecture <span class=\"meta-nav\">&rarr;<\/span><\/a><\/p>\n","protected":false},"author":1,"featured_media":0,"comment_status":"open","ping_status":"closed","sticky":false,"template":"","format":"standard","meta":{"footnotes":""},"categories":[1],"tags":[97],"_links":{"self":[{"href":"https:\/\/santemc.quebec\/icentre\/wp-json\/wp\/v2\/posts\/4320"}],"collection":[{"href":"https:\/\/santemc.quebec\/icentre\/wp-json\/wp\/v2\/posts"}],"about":[{"href":"https:\/\/santemc.quebec\/icentre\/wp-json\/wp\/v2\/types\/post"}],"author":[{"embeddable":true,"href":"https:\/\/santemc.quebec\/icentre\/wp-json\/wp\/v2\/users\/1"}],"replies":[{"embeddable":true,"href":"https:\/\/santemc.quebec\/icentre\/wp-json\/wp\/v2\/comments?post=4320"}],"version-history":[{"count":30,"href":"https:\/\/santemc.quebec\/icentre\/wp-json\/wp\/v2\/posts\/4320\/revisions"}],"predecessor-version":[{"id":5024,"href":"https:\/\/santemc.quebec\/icentre\/wp-json\/wp\/v2\/posts\/4320\/revisions\/5024"}],"wp:attachment":[{"href":"https:\/\/santemc.quebec\/icentre\/wp-json\/wp\/v2\/media?parent=4320"}],"wp:term":[{"taxonomy":"category","embeddable":true,"href":"https:\/\/santemc.quebec\/icentre\/wp-json\/wp\/v2\/categories?post=4320"},{"taxonomy":"post_tag","embeddable":true,"href":"https:\/\/santemc.quebec\/icentre\/wp-json\/wp\/v2\/tags?post=4320"}],"curies":[{"name":"wp","href":"https:\/\/api.w.org\/{rel}","templated":true}]}}