{"id":44,"date":"2015-04-24T15:43:14","date_gmt":"2015-04-24T14:43:14","guid":{"rendered":"http:\/\/santemc.quebec\/journal\/?p=44"},"modified":"2015-05-26T11:42:46","modified_gmt":"2015-05-26T15:42:46","slug":"nomination-de-la-commissaire-aux-plaintes-et-a-la-qualite-des-services","status":"publish","type":"post","link":"https:\/\/santemc.quebec\/icentre\/nomination-de-la-commissaire-aux-plaintes-et-a-la-qualite-des-services\/","title":{"rendered":"Nomination de la Commissaire aux plaintes et \u00e0 la qualit\u00e9 des services"},"content":{"rendered":"<p>C\u2019est avec plaisir que je vous annonce la nomination de madame Louise Hardy au poste de commissaire aux plaintes et \u00e0 la qualit\u00e9 des services pour le CISSS de la Mont\u00e9r\u00e9gie-Centre. Madame Hardy, qui exerce les fonctions de commissaire aux plaintes depuis 2007, a oeuvr\u00e9 au Centre d\u2019accueil Marcelle-Ferron, au CSSS Champlain, \u00e0 l\u2019H\u00f4pital Charles-LeMoyne et au CSSS Champlain\u2013Charles-Le Moyne. Auparavant, elle a \u00e9galement \u00e9t\u00e9 gestionnaire de risques, coordonnatrice d\u2019agr\u00e9ment et infirmi\u00e8re au sein de diff\u00e9rents \u00e9tablissements du r\u00e9seau de la sant\u00e9 et des services sociaux. Madame Hardy est d\u00e9tentrice d\u2019une ma\u00eetrise en droit de la sant\u00e9, d\u2019un baccalaur\u00e9at \u00e8s sciences et d\u2019un DEC en soins infirmiers.<!--more--><\/p>\n<p>Au cours de sa carri\u00e8re, Madame Hardy a mis en place plusieurs processus en mati\u00e8re de qualit\u00e9 et de s\u00e9curit\u00e9 des services tout en agissant \u00e0 titre d\u2019experte-conseil aupr\u00e8s de diff\u00e9rentes organisations.<\/p>\n<p>Nous lui souhaitons la meilleure des chances dans l\u2019exercice de ses nouvelles fonctions et tout le succ\u00e8s voulu dans la poursuite de sa carri\u00e8re.<br \/>\n3120, boulevard<\/p>\n","protected":false},"excerpt":{"rendered":"<p>C\u2019est avec plaisir que je vous annonce la nomination de madame Louise Hardy au poste de commissaire aux plaintes et \u00e0 la qualit\u00e9 des services pour le CISSS de la Mont\u00e9r\u00e9gie-Centre. Madame Hardy, qui exerce les fonctions de commissaire aux &hellip; <a href=\"https:\/\/santemc.quebec\/icentre\/nomination-de-la-commissaire-aux-plaintes-et-a-la-qualite-des-services\/\">Continuer la lecture <span class=\"meta-nav\">&rarr;<\/span><\/a><\/p>\n","protected":false},"author":1,"featured_media":0,"comment_status":"open","ping_status":"closed","sticky":false,"template":"","format":"standard","meta":{"footnotes":""},"categories":[2],"tags":[8],"_links":{"self":[{"href":"https:\/\/santemc.quebec\/icentre\/wp-json\/wp\/v2\/posts\/44"}],"collection":[{"href":"https:\/\/santemc.quebec\/icentre\/wp-json\/wp\/v2\/posts"}],"about":[{"href":"https:\/\/santemc.quebec\/icentre\/wp-json\/wp\/v2\/types\/post"}],"author":[{"embeddable":true,"href":"https:\/\/santemc.quebec\/icentre\/wp-json\/wp\/v2\/users\/1"}],"replies":[{"embeddable":true,"href":"https:\/\/santemc.quebec\/icentre\/wp-json\/wp\/v2\/comments?post=44"}],"version-history":[{"count":2,"href":"https:\/\/santemc.quebec\/icentre\/wp-json\/wp\/v2\/posts\/44\/revisions"}],"predecessor-version":[{"id":283,"href":"https:\/\/santemc.quebec\/icentre\/wp-json\/wp\/v2\/posts\/44\/revisions\/283"}],"wp:attachment":[{"href":"https:\/\/santemc.quebec\/icentre\/wp-json\/wp\/v2\/media?parent=44"}],"wp:term":[{"taxonomy":"category","embeddable":true,"href":"https:\/\/santemc.quebec\/icentre\/wp-json\/wp\/v2\/categories?post=44"},{"taxonomy":"post_tag","embeddable":true,"href":"https:\/\/santemc.quebec\/icentre\/wp-json\/wp\/v2\/tags?post=44"}],"curies":[{"name":"wp","href":"https:\/\/api.w.org\/{rel}","templated":true}]}}