{"id":443,"date":"2015-06-29T15:20:42","date_gmt":"2015-06-29T19:20:42","guid":{"rendered":"http:\/\/santemc.quebec\/icentre\/?p=443"},"modified":"2015-06-29T15:32:26","modified_gmt":"2015-06-29T19:32:26","slug":"quand-interdisciplinarite-rime-avec-generosite","status":"publish","type":"post","link":"https:\/\/santemc.quebec\/icentre\/quand-interdisciplinarite-rime-avec-generosite\/","title":{"rendered":"Quand interdisciplinarit\u00e9 rime avec g\u00e9n\u00e9rosit\u00e9"},"content":{"rendered":"<p>R\u00e9cemment, l\u2019\u00e9quipe de l\u2019urgence de l\u2019H\u00f4pital Charles-Le Moyne a r\u00e9alis\u00e9 de multiples petites actions pour enjoliver la journ\u00e9e d\u2019anniversaire de l\u2019une de ses patientes qui y f\u00eatait ses 102 ans.<!--more--><\/p>\n<p>Pour l\u2019occasion, la jeune centenaire avait \u00e9mis le souhait de manger un repas sp\u00e9cial. Le chef du d\u00e9partement de l\u2019urgence, le Dr Laurent Boisvert, s\u2019est organis\u00e9 pour que son v\u0153u se r\u00e9alise. La m\u00e8re de l\u2019un des infirmiers, soit monsieur Geoffroy Dubois, a cuisin\u00e9 du foie de veau pour la dame et lui a apport\u00e9 son plat. Une attention tr\u00e8s d\u00e9licate. De plus, une infirmi\u00e8re auxiliaire, madame Marisol Plouffe, est all\u00e9e lui acheter un g\u00e2teau et une travailleuse sociale, madame Nathalie Gervais, lui a fait venir des fleurs.<\/p>\n<p>Les membres du personnel lui ont entonn\u00e9 la chanson de circonstance \u00e0 plusieurs reprises au cours de cette journ\u00e9e. Tous prenaient un petit moment pour aller voir la patiente et lui souhaiter un joyeux anniversaire. Cette belle histoire d\u00e9montre \u00e0 quel point l\u2019interdisciplinarit\u00e9 peut se traduire de multiples fa\u00e7ons. La g\u00e9n\u00e9rosit\u00e9 de tous m\u00e9rite d\u2019\u00eatre soulign\u00e9e!<\/p>\n","protected":false},"excerpt":{"rendered":"<p>R\u00e9cemment, l\u2019\u00e9quipe de l\u2019urgence de l\u2019H\u00f4pital Charles-Le Moyne a r\u00e9alis\u00e9 de multiples petites actions pour enjoliver la journ\u00e9e d\u2019anniversaire de l\u2019une de ses patientes qui y f\u00eatait ses 102 ans.<\/p>\n","protected":false},"author":2,"featured_media":0,"comment_status":"open","ping_status":"closed","sticky":false,"template":"","format":"standard","meta":{"footnotes":""},"categories":[2],"tags":[],"_links":{"self":[{"href":"https:\/\/santemc.quebec\/icentre\/wp-json\/wp\/v2\/posts\/443"}],"collection":[{"href":"https:\/\/santemc.quebec\/icentre\/wp-json\/wp\/v2\/posts"}],"about":[{"href":"https:\/\/santemc.quebec\/icentre\/wp-json\/wp\/v2\/types\/post"}],"author":[{"embeddable":true,"href":"https:\/\/santemc.quebec\/icentre\/wp-json\/wp\/v2\/users\/2"}],"replies":[{"embeddable":true,"href":"https:\/\/santemc.quebec\/icentre\/wp-json\/wp\/v2\/comments?post=443"}],"version-history":[{"count":6,"href":"https:\/\/santemc.quebec\/icentre\/wp-json\/wp\/v2\/posts\/443\/revisions"}],"predecessor-version":[{"id":450,"href":"https:\/\/santemc.quebec\/icentre\/wp-json\/wp\/v2\/posts\/443\/revisions\/450"}],"wp:attachment":[{"href":"https:\/\/santemc.quebec\/icentre\/wp-json\/wp\/v2\/media?parent=443"}],"wp:term":[{"taxonomy":"category","embeddable":true,"href":"https:\/\/santemc.quebec\/icentre\/wp-json\/wp\/v2\/categories?post=443"},{"taxonomy":"post_tag","embeddable":true,"href":"https:\/\/santemc.quebec\/icentre\/wp-json\/wp\/v2\/tags?post=443"}],"curies":[{"name":"wp","href":"https:\/\/api.w.org\/{rel}","templated":true}]}}