{"id":44335,"date":"2019-06-26T16:34:15","date_gmt":"2019-06-26T20:34:15","guid":{"rendered":"http:\/\/santemc.quebec\/icentre\/?p=44335"},"modified":"2019-06-26T16:34:15","modified_gmt":"2019-06-26T20:34:15","slug":"monsieur-richard-deschamps-pdg-du-cisss-de-la-monteregie-centre-recoit-le-prix-gheorghe-fischer-octroye-par-la-maison-internationale-de-la-rive-sud","status":"publish","type":"post","link":"https:\/\/santemc.quebec\/icentre\/monsieur-richard-deschamps-pdg-du-cisss-de-la-monteregie-centre-recoit-le-prix-gheorghe-fischer-octroye-par-la-maison-internationale-de-la-rive-sud\/","title":{"rendered":"Monsieur Richard Deschamps, PDG du CISSS de la Mont\u00e9r\u00e9gie-Centre, re\u00e7oit le prix Gheorghe-Fischer octroy\u00e9 par la Maison Internationale de la Rive-Sud"},"content":{"rendered":"<div id=\"attachment_44336\" style=\"width: 310px\" class=\"wp-caption alignleft\"><a href=\"http:\/\/santemc.quebec\/santemc\/icentre\/wp-content\/uploads\/2019\/06\/Prix_Georges-Fischer2019.jpg\"><img aria-describedby=\"caption-attachment-44336\" decoding=\"async\" loading=\"lazy\" class=\"size-medium wp-image-44336\" src=\"http:\/\/santemc.quebec\/santemc\/icentre\/wp-content\/uploads\/2019\/06\/Prix_Georges-Fischer2019-300x201.jpg\" alt=\"\" width=\"300\" height=\"201\" srcset=\"https:\/\/santemc.quebec\/santemc\/icentre\/wp-content\/uploads\/2019\/06\/Prix_Georges-Fischer2019-300x201.jpg 300w, https:\/\/santemc.quebec\/santemc\/icentre\/wp-content\/uploads\/2019\/06\/Prix_Georges-Fischer2019-449x300.jpg 449w, https:\/\/santemc.quebec\/santemc\/icentre\/wp-content\/uploads\/2019\/06\/Prix_Georges-Fischer2019.jpg 640w\" sizes=\"(max-width: 300px) 100vw, 300px\" \/><\/a><p id=\"caption-attachment-44336\" class=\"wp-caption-text\">De gauche \u00e0 droite sur la photo : G\u00e9rard Desch\u00eanes, pr\u00e9sident du C. Al de la MIRS; Richard Deschamps, PDG du CISSSMC; Noureddine Belhocine, directeur g\u00e9n\u00e9ral de la MIRS<\/p><\/div>\n<p>Le mercredi 19 juin dernier, le PDG monsieur Richard Deschamps, a remport\u00e9 le prix Gheorghe-Fischer<strong>. <\/strong>Ce prix fut remis par la Maison Internationale de la Rive-Sud (MIRS) \u00e0 l\u2019occasion de son assembl\u00e9e g\u00e9n\u00e9rale annuelle qui s\u2019est tenue dans ses locaux, plus pr\u00e9cis\u00e9ment au Caf\u00e9 des a\u00een\u00e9s.<\/p>\n<p><!--more--><\/p>\n<p>Ce prix vise \u00e0 souligner le partenariat entre le CISSSMC et la MIRS ainsi que les projets de qualit\u00e9 qui ont \u00e9t\u00e9 r\u00e9alis\u00e9s depuis de nombreuses ann\u00e9es. Ces activit\u00e9s et projets ont permis de soutenir la client\u00e8le de la MIRS, soit des nouveaux immigrants cherchant \u00e0 s\u2019\u00e9tablir, s\u2019installer et vivre dans notre r\u00e9gion, et de b\u00e9n\u00e9ficier de services qui r\u00e9pondent le plus ad\u00e9quatement possible \u00e0 leurs besoins.<\/p>\n<p>Le prix Gheorghe-Fischer a \u00e9t\u00e9 cr\u00e9\u00e9 en 2000 par le conseil d\u2019administration de la MIRS pour rendre hommage \u00e0 la m\u00e9moire d\u2019un homme qui a \u00e9crit une partie importante de l\u2019histoire de la Maison internationale. M. Fischer a su convaincre les multiples instances, publiques et priv\u00e9es, qu\u2019il \u00e9tait essentiel de s\u2019unir pour mieux servir les nouveaux arrivants. Ce prix honorifique est rarement octroy\u00e9 et il est remis seulement lorsqu\u2019une occasion d\u2019envergure se pr\u00e9sente. De plus, le prix est offert lorsqu\u2019il y a reconnaissance de l\u2019avancement et de la contribution exceptionnelle d\u2019un partenaire dans le domaine de l\u2019immigration.<\/p>\n<p>Vous pouvez en apprendre plus sur les services offerts par la Maison Internationale de la Rive-Sud en consultant son site Internet au <a href=\"https:\/\/www.mirs.qc.ca\/\" target=\"_blank\" rel=\"noopener\">https:\/\/www.mirs.qc.ca\/<\/a><\/p>\n","protected":false},"excerpt":{"rendered":"<p>Le mercredi 19 juin dernier, le PDG monsieur Richard Deschamps, a remport\u00e9 le prix Gheorghe-Fischer. Ce prix fut remis par la Maison Internationale de la Rive-Sud (MIRS) \u00e0 l\u2019occasion de son assembl\u00e9e g\u00e9n\u00e9rale annuelle qui s\u2019est tenue dans ses locaux, &hellip; <a href=\"https:\/\/santemc.quebec\/icentre\/monsieur-richard-deschamps-pdg-du-cisss-de-la-monteregie-centre-recoit-le-prix-gheorghe-fischer-octroye-par-la-maison-internationale-de-la-rive-sud\/\">Continuer la lecture <span class=\"meta-nav\">&rarr;<\/span><\/a><\/p>\n","protected":false},"author":9,"featured_media":0,"comment_status":"open","ping_status":"closed","sticky":false,"template":"","format":"standard","meta":{"footnotes":""},"categories":[1],"tags":[],"_links":{"self":[{"href":"https:\/\/santemc.quebec\/icentre\/wp-json\/wp\/v2\/posts\/44335"}],"collection":[{"href":"https:\/\/santemc.quebec\/icentre\/wp-json\/wp\/v2\/posts"}],"about":[{"href":"https:\/\/santemc.quebec\/icentre\/wp-json\/wp\/v2\/types\/post"}],"author":[{"embeddable":true,"href":"https:\/\/santemc.quebec\/icentre\/wp-json\/wp\/v2\/users\/9"}],"replies":[{"embeddable":true,"href":"https:\/\/santemc.quebec\/icentre\/wp-json\/wp\/v2\/comments?post=44335"}],"version-history":[{"count":2,"href":"https:\/\/santemc.quebec\/icentre\/wp-json\/wp\/v2\/posts\/44335\/revisions"}],"predecessor-version":[{"id":44338,"href":"https:\/\/santemc.quebec\/icentre\/wp-json\/wp\/v2\/posts\/44335\/revisions\/44338"}],"wp:attachment":[{"href":"https:\/\/santemc.quebec\/icentre\/wp-json\/wp\/v2\/media?parent=44335"}],"wp:term":[{"taxonomy":"category","embeddable":true,"href":"https:\/\/santemc.quebec\/icentre\/wp-json\/wp\/v2\/categories?post=44335"},{"taxonomy":"post_tag","embeddable":true,"href":"https:\/\/santemc.quebec\/icentre\/wp-json\/wp\/v2\/tags?post=44335"}],"curies":[{"name":"wp","href":"https:\/\/api.w.org\/{rel}","templated":true}]}}