{"id":4492,"date":"2017-04-18T15:15:17","date_gmt":"2017-04-18T19:15:17","guid":{"rendered":"http:\/\/santemc.quebec\/icentre\/?p=4492"},"modified":"2017-04-18T15:19:00","modified_gmt":"2017-04-18T19:19:00","slug":"une-infirmiere-clinicienne-du-cisss-parmi-les-laureates-des-prix-florence-2017","status":"publish","type":"post","link":"https:\/\/santemc.quebec\/icentre\/une-infirmiere-clinicienne-du-cisss-parmi-les-laureates-des-prix-florence-2017\/","title":{"rendered":"Une infirmi\u00e8re clinicienne du CISSS parmi les laur\u00e9ates des prix Florence 2017"},"content":{"rendered":"<p><img decoding=\"async\" loading=\"lazy\" class=\"alignleft\" src=\"http:\/\/www.infoiiq.org\/files\/infoiiq\/i\/close-erika.jpg\" alt=\"\" width=\"130\" height=\"162\" \/>C\u2019est avec fiert\u00e9 que nous vous informons qu&rsquo;\u00c9rika Close, infirmi\u00e8re clinicienne \u00e0 l\u2019unit\u00e9 m\u00e8re-enfant de l\u2019H\u00f4pital Charles-Le Moyne est la r\u00e9cipiendaire des prix Florence 2017 de l\u2019Ordre des infirmi\u00e8res et infirmiers du Qu\u00e9bec (OIIQ), dans la cat\u00e9gorie Rayonnement international.<\/p>\n<p>Madame Close s\u2019est d\u00e9marqu\u00e9e par son implication et ses r\u00e9alisations professionnelles \u00e0 l\u2019\u00e9tranger. Fondatrice et directrice de l\u2019organisme \u00e0 but non lucratif S.H.E.R. (Sant\u00e9 Humanitaire \u00c9ducation Ressources), elle contribue \u00e0 am\u00e9liorer la sant\u00e9 et le bien-\u00eatre des communaut\u00e9s en augmentant le taux de survie des nouveau-n\u00e9s et des b\u00e9b\u00e9s par la mise en place de pratiques durables.<!--more--><\/p>\n<p>L\u2019infirmi\u00e8re-clinicienne se rend deux fois l\u2019an dans des pays o\u00f9 la mortalit\u00e9 infantile est plus importante, en Am\u00e9rique Centrale notamment, pour former les accoucheuses et d\u2019autres femmes d\u2019influence sur les bonnes pratiques \u00e0 adopter pour pr\u00e9venir ces mortalit\u00e9s. Plusieurs fois par ann\u00e9e, Mme Close participe \u00e0 des \u00e9v\u00e9nements publics pour amasser les fonds n\u00e9cessaires pour acheter l\u2019\u00e9quipement m\u00e9dical requis.<\/p>\n<p>Depuis pr\u00e8s de 10 ans, Mme Close fait \u00e9galement du b\u00e9n\u00e9volat dans le grand Longueuil pour enseigner aux parents \u00e0 donner les premiers soins \u00e0 leurs enfants et \u00e0 pratiquer la r\u00e9animation cardiorespiratoire.<\/p>\n<p>L\u2019infirmi\u00e8re a \u00e9t\u00e9 vraiment touch\u00e9e que l\u2019Ordre des infirmi\u00e8res et infirmiers du Qu\u00e9bec souligne son engagement. \u00ab J\u2019\u00e9tais vraiment tr\u00e8s contente. Pour moi, \u00e7a prouve que mettre ensemble des gens qui ont une m\u00eame croyance peut vraiment am\u00e9liorer les conditions de vie des gens \u00bb, fait-elle valoir.<\/p>\n<p><strong>Prix Florence<\/strong><br \/>\nCr\u00e9\u00e9s en 2003 par l\u2019OIIQ, les prix Florence visent \u00e0 rendre hommage \u00e0 des infirmi\u00e8res et infirmiers consid\u00e9r\u00e9s comme \u00e9tant des mod\u00e8les et des sources d\u2019inspiration aupr\u00e8s de leurs pairs.<\/p>\n<p>Pour en savoir davantage sur ces prix et conna\u00eetre les six autres r\u00e9cipiendaires dans les diff\u00e9rentes cat\u00e9gories, rendez-vous sur le <a href=\"http:\/\/www.oiiq.org\/lordre\/prix-et-distinctions\/prix-florence\" target=\"_blank\">site de l\u2019OIIQ<\/a>.<\/p>\n<p>En terminant, le CISSS de la Mont\u00e9r\u00e9gie-Centre f\u00e9licite \u00c9rika Close qui fait honneur \u00e0 l\u2019excellence et l\u2019expertise que l\u2019on retrouve dans notre \u00e9tablissement.<\/p>\n","protected":false},"excerpt":{"rendered":"<p>C\u2019est avec fiert\u00e9 que nous vous informons qu&rsquo;\u00c9rika Close, infirmi\u00e8re clinicienne \u00e0 l\u2019unit\u00e9 m\u00e8re-enfant de l\u2019H\u00f4pital Charles-Le Moyne est la r\u00e9cipiendaire des prix Florence 2017 de l\u2019Ordre des infirmi\u00e8res et infirmiers du Qu\u00e9bec (OIIQ), dans la cat\u00e9gorie Rayonnement international. Madame &hellip; <a href=\"https:\/\/santemc.quebec\/icentre\/une-infirmiere-clinicienne-du-cisss-parmi-les-laureates-des-prix-florence-2017\/\">Continuer la lecture <span class=\"meta-nav\">&rarr;<\/span><\/a><\/p>\n","protected":false},"author":1,"featured_media":0,"comment_status":"open","ping_status":"closed","sticky":false,"template":"","format":"standard","meta":{"footnotes":""},"categories":[1],"tags":[],"_links":{"self":[{"href":"https:\/\/santemc.quebec\/icentre\/wp-json\/wp\/v2\/posts\/4492"}],"collection":[{"href":"https:\/\/santemc.quebec\/icentre\/wp-json\/wp\/v2\/posts"}],"about":[{"href":"https:\/\/santemc.quebec\/icentre\/wp-json\/wp\/v2\/types\/post"}],"author":[{"embeddable":true,"href":"https:\/\/santemc.quebec\/icentre\/wp-json\/wp\/v2\/users\/1"}],"replies":[{"embeddable":true,"href":"https:\/\/santemc.quebec\/icentre\/wp-json\/wp\/v2\/comments?post=4492"}],"version-history":[{"count":5,"href":"https:\/\/santemc.quebec\/icentre\/wp-json\/wp\/v2\/posts\/4492\/revisions"}],"predecessor-version":[{"id":4497,"href":"https:\/\/santemc.quebec\/icentre\/wp-json\/wp\/v2\/posts\/4492\/revisions\/4497"}],"wp:attachment":[{"href":"https:\/\/santemc.quebec\/icentre\/wp-json\/wp\/v2\/media?parent=4492"}],"wp:term":[{"taxonomy":"category","embeddable":true,"href":"https:\/\/santemc.quebec\/icentre\/wp-json\/wp\/v2\/categories?post=4492"},{"taxonomy":"post_tag","embeddable":true,"href":"https:\/\/santemc.quebec\/icentre\/wp-json\/wp\/v2\/tags?post=4492"}],"curies":[{"name":"wp","href":"https:\/\/api.w.org\/{rel}","templated":true}]}}