{"id":45054,"date":"2019-06-27T13:41:22","date_gmt":"2019-06-27T17:41:22","guid":{"rendered":"http:\/\/santemc.quebec\/icentre\/?p=45054"},"modified":"2019-06-27T13:41:22","modified_gmt":"2019-06-27T17:41:22","slug":"le-projet-ratios-continue-son-chemin-au-soutien-a-domicile-sad","status":"publish","type":"post","link":"https:\/\/santemc.quebec\/icentre\/le-projet-ratios-continue-son-chemin-au-soutien-a-domicile-sad\/","title":{"rendered":"Le projet ratios continue son chemin au soutien \u00e0 domicile (SAD)"},"content":{"rendered":"<p>L\u2019\u00e9quipe des soins infirmiers du SAD du CLSC Samuel-de-Champlain continue de contribuer au projet ratios.<\/p>\n<p><!--more--><\/p>\n<p>Les infirmi\u00e8res et infirmi\u00e8res auxiliaires documentent de fa\u00e7on hebdomadaire la complexit\u00e9 de leur charge d\u2019usagers ainsi que la r\u00e9partition (t\u00e2ches administratives versus t\u00e2ches cliniques) de leur temps de travail.<\/p>\n<p>L\u2019\u00e9quipe s\u2019investit beaucoup dans le projet et est soutenue, au quotidien, par des ASI engag\u00e9es dans le bon fonctionnement de l\u2019\u00e9quipe, et cela, dans un contexte d\u2019ajustement des bonnes pratiques.<\/p>\n<p>Voici quelques t\u00e9moignages sur la valeur ajout\u00e9e de ce projet\u00a0:<\/p>\n<div style=\"background-color: #b7d2e3; padding: 10px;\">\u00ab\u00a0En tant qu&rsquo;ASI, c&rsquo;est l&rsquo;occasion d&rsquo;accompagner l&rsquo;\u00e9quipe dans l\u2019application de leur champ de pratique. Nous avons le sentiment du devoir accompli. Notre r\u00f4le de mobilisation et d&rsquo;accompagnement est mis \u00e0 profit pour le bien du projet et nous savons que la port\u00e9e, \u00e0 long terme, sera positive tant pour l\u2019usager que pour l\u2019\u00e9quipe.\u00a0\u00bb<br \/>\n<em>Jos\u00e9e C\u00e9cyre et Genevi\u00e8ve Bacon, ASI<\/em><\/div>\n<p>&nbsp;<\/p>\n<div style=\"background-color: #b7d2e3; padding: 10px;\">\u00ab\u00a0En tant que conseill\u00e8re en soins, j&rsquo;observe que le projet ratios permet une remise en question pour plusieurs infirmi\u00e8res et infirmi\u00e8res auxiliaires. L&rsquo;\u00e9quipe de soins se questionne sur son champ d&rsquo;exercices respectif. Les infirmi\u00e8res et infirmi\u00e8res auxiliaires constatent aussi que, parfois, elles font les choses machinalement, sans se demander si elles sont les intervenantes appropri\u00e9es, si elles interviennent au bon moment. Le projet leur permet ce temps d&rsquo;arr\u00eat. Pour ma part, le projet ratios me permet d&rsquo;avoir une vision de la collaboration entre les infirmi\u00e8res et les infirmi\u00e8res auxiliaires. Je constate comment elles travaillent et comment elles partagent les informations qui sont pertinentes au suivi des usagers.\u00a0\u00bb<br \/>\n<em>Myriam Fortin, conseill\u00e8re en soins infirmiers<\/em><\/div>\n<p>&nbsp;<\/p>\n<div style=\"background-color: #b7d2e3; padding: 10px;\">\u00ab Depuis que le projet ratios est d\u00e9but\u00e9, j&rsquo;ai revu ma pratique. Chaque jour, je m&rsquo;assure de revoir tous les aspects de l&rsquo;usager et je m&rsquo;assure que mon dossier soit complet et \u00e0 jour. \u00c0 la fin de la journ\u00e9e, j&rsquo;ai la satisfaction d&rsquo;avoir bien fait mon travail et je laisse ma charge de cas \u00e0 jour. Je vois du positif dans ce projet.\u00a0\u00bb<br \/>\n<em>Corinne Valso<\/em><\/div>\n<p>&nbsp;<\/p>\n<div style=\"background-color: #b7d2e3; padding: 10px;\">\u00ab\u00a0Apr\u00e8s les premi\u00e8res semaines du projet ratios, nous avons constat\u00e9 des points positifs. Le rythme de travail est revu. Cela a des retomb\u00e9es directes sur la relation avec le patient et la qualit\u00e9 des soins.\u00a0\u00bb<br \/>\n<em>Steve Dupont, infirmier auxiliaire, et Ramona Gherman, infirmi\u00e8re auxiliaire<\/em><\/div>\n<p>&nbsp;<\/p>\n<p>Les donn\u00e9es compil\u00e9es durant la p\u00e9riode de pr\u00e9implantation du projet, soit du 4 f\u00e9vrier au 27 avril, ont permis de cerner le besoin d\u2019ajouter 0,8 ETC d\u2019infirmi\u00e8re auxiliaire. Cet ajout permet d\u2019assurer que chacune des intervenantes assure son plein champ de pratique lors de la r\u00e9partition des visites d\u2019usagers. Il est int\u00e9ressant de savoir que cet ajout a permis une cr\u00e9ation de poste financ\u00e9 et que la nouvelle titulaire fait d\u00e9j\u00e0 partie de l\u2019\u00e9quipe.<\/p>\n<p>Le comit\u00e9 partiaire local est heureux de constater l\u2019\u00e9volution du projet et confiant de la r\u00e9ussite consid\u00e9rant l\u2019implication de l\u2019\u00e9quipe de soins.<\/p>\n<p>Suivez-nous pour plus de d\u00e9tails sur les r\u00e9sultats du projet cet automne.<\/p>\n<p>Le comit\u00e9 partiaire local<\/p>\n<p>Liste des membres du comit\u00e9\u00a0:<br \/>\nMarc Tremblay, repr\u00e9sentant syndical local; Denis Grondin, repr\u00e9sentant syndical local; Catherine Richer, repr\u00e9sentante syndicale nationale; Chantal Raymond, directrice adjointe SAPA-SAD; Nancy Beaulieu, directrice adjointe DSI; Gabrielle Castelli-Gauthier, conseill\u00e8re sp\u00e9cialis\u00e9e en gestion des RH et relations de travail; M\u00e9lissa Paradis-Lapointe, charg\u00e9e de projet<\/p>\n<p><a href=\"http:\/\/santemc.quebec\/santemc\/icentre\/wp-content\/uploads\/2019\/06\/projet_ratios.pdf\" target=\"_blank\" rel=\"noopener\">Version PDF du texte<\/a><\/p>\n","protected":false},"excerpt":{"rendered":"<p>L\u2019\u00e9quipe des soins infirmiers du SAD du CLSC Samuel-de-Champlain continue de contribuer au projet ratios.<\/p>\n","protected":false},"author":9,"featured_media":0,"comment_status":"open","ping_status":"closed","sticky":false,"template":"","format":"standard","meta":{"footnotes":""},"categories":[1],"tags":[],"_links":{"self":[{"href":"https:\/\/santemc.quebec\/icentre\/wp-json\/wp\/v2\/posts\/45054"}],"collection":[{"href":"https:\/\/santemc.quebec\/icentre\/wp-json\/wp\/v2\/posts"}],"about":[{"href":"https:\/\/santemc.quebec\/icentre\/wp-json\/wp\/v2\/types\/post"}],"author":[{"embeddable":true,"href":"https:\/\/santemc.quebec\/icentre\/wp-json\/wp\/v2\/users\/9"}],"replies":[{"embeddable":true,"href":"https:\/\/santemc.quebec\/icentre\/wp-json\/wp\/v2\/comments?post=45054"}],"version-history":[{"count":4,"href":"https:\/\/santemc.quebec\/icentre\/wp-json\/wp\/v2\/posts\/45054\/revisions"}],"predecessor-version":[{"id":45128,"href":"https:\/\/santemc.quebec\/icentre\/wp-json\/wp\/v2\/posts\/45054\/revisions\/45128"}],"wp:attachment":[{"href":"https:\/\/santemc.quebec\/icentre\/wp-json\/wp\/v2\/media?parent=45054"}],"wp:term":[{"taxonomy":"category","embeddable":true,"href":"https:\/\/santemc.quebec\/icentre\/wp-json\/wp\/v2\/categories?post=45054"},{"taxonomy":"post_tag","embeddable":true,"href":"https:\/\/santemc.quebec\/icentre\/wp-json\/wp\/v2\/tags?post=45054"}],"curies":[{"name":"wp","href":"https:\/\/api.w.org\/{rel}","templated":true}]}}