{"id":4514,"date":"2017-04-20T09:30:41","date_gmt":"2017-04-20T13:30:41","guid":{"rendered":"http:\/\/santemc.quebec\/icentre\/?p=4514"},"modified":"2017-09-14T09:43:25","modified_gmt":"2017-09-14T13:43:25","slug":"bulletin-periscope-pres-dun-monteregien-sur-six-est-fortement-derange-par-le-bruit","status":"publish","type":"post","link":"https:\/\/santemc.quebec\/icentre\/bulletin-periscope-pres-dun-monteregien-sur-six-est-fortement-derange-par-le-bruit\/","title":{"rendered":"Bulletin P\u00e9riscope : Pr\u00e8s d&rsquo;un Mont\u00e9r\u00e9gien sur six est fortement d\u00e9rang\u00e9 par le bruit"},"content":{"rendered":"<p><img decoding=\"async\" loading=\"lazy\" class=\"aligncenter wp-image-2877 size-full\" src=\"http:\/\/santemc.quebec\/santemc\/icentre\/wp-content\/uploads\/2016\/09\/periscope.png\" alt=\"periscope\" width=\"789\" height=\"163\" srcset=\"https:\/\/santemc.quebec\/santemc\/icentre\/wp-content\/uploads\/2016\/09\/periscope.png 789w, https:\/\/santemc.quebec\/santemc\/icentre\/wp-content\/uploads\/2016\/09\/periscope-300x62.png 300w, https:\/\/santemc.quebec\/santemc\/icentre\/wp-content\/uploads\/2016\/09\/periscope-768x159.png 768w, https:\/\/santemc.quebec\/santemc\/icentre\/wp-content\/uploads\/2016\/09\/periscope-500x103.png 500w\" sizes=\"(max-width: 789px) 100vw, 789px\" \/><\/p>\n<p>Vous arrive-t-il d\u2019\u00eatre d\u00e9rang\u00e9 par le bruit ambiant autour de votre domicile ? Vous \u00eates loin d\u2019\u00eatre seul : pr\u00e8s d\u2019un Mont\u00e9r\u00e9gien sur six se dit fortement d\u00e9rang\u00e9 par le bruit ambiant. Or, une exposition \u00e9lev\u00e9e au bruit peut avoir des impacts n\u00e9gatifs sur la sant\u00e9. Heureusement, des moyens existent pour r\u00e9duire le bruit ambiant.<\/p>\n<p>Pour en savoir plus, nous vous invitons \u00e0 lire le P\u00e9riscope sur ce sujet\u00a0en cliquant sur le lien suivant : <a href=\"http:\/\/extranet.santemonteregie.qc.ca\/sante-publique\/surveillance-etat-sante\/periscope.fr.html\" target=\"_blank\" rel=\"noopener noreferrer\">http:\/\/extranet.santemonteregie.qc.ca\/sante-publique\/surveillance-etat-sante\/periscope.fr.html<\/a><\/p>\n<p><!--more--><\/p>\n<p>Le P\u00e9riscope est un bulletin produit par le\u00a0secteur Surveillance de l\u2019\u00e9tat de sant\u00e9 de la population de la Direction de sant\u00e9 publique de la Mont\u00e9r\u00e9gie.<\/p>\n<p>&nbsp;<\/p>\n","protected":false},"excerpt":{"rendered":"<p>Vous arrive-t-il d\u2019\u00eatre d\u00e9rang\u00e9 par le bruit ambiant autour de votre domicile ? Vous \u00eates loin d\u2019\u00eatre seul : pr\u00e8s d\u2019un Mont\u00e9r\u00e9gien sur six se dit fortement d\u00e9rang\u00e9 par le bruit ambiant. Or, une exposition \u00e9lev\u00e9e au bruit peut avoir &hellip; <a href=\"https:\/\/santemc.quebec\/icentre\/bulletin-periscope-pres-dun-monteregien-sur-six-est-fortement-derange-par-le-bruit\/\">Continuer la lecture <span class=\"meta-nav\">&rarr;<\/span><\/a><\/p>\n","protected":false},"author":1,"featured_media":0,"comment_status":"open","ping_status":"closed","sticky":false,"template":"","format":"standard","meta":{"footnotes":""},"categories":[1],"tags":[44],"_links":{"self":[{"href":"https:\/\/santemc.quebec\/icentre\/wp-json\/wp\/v2\/posts\/4514"}],"collection":[{"href":"https:\/\/santemc.quebec\/icentre\/wp-json\/wp\/v2\/posts"}],"about":[{"href":"https:\/\/santemc.quebec\/icentre\/wp-json\/wp\/v2\/types\/post"}],"author":[{"embeddable":true,"href":"https:\/\/santemc.quebec\/icentre\/wp-json\/wp\/v2\/users\/1"}],"replies":[{"embeddable":true,"href":"https:\/\/santemc.quebec\/icentre\/wp-json\/wp\/v2\/comments?post=4514"}],"version-history":[{"count":2,"href":"https:\/\/santemc.quebec\/icentre\/wp-json\/wp\/v2\/posts\/4514\/revisions"}],"predecessor-version":[{"id":4518,"href":"https:\/\/santemc.quebec\/icentre\/wp-json\/wp\/v2\/posts\/4514\/revisions\/4518"}],"wp:attachment":[{"href":"https:\/\/santemc.quebec\/icentre\/wp-json\/wp\/v2\/media?parent=4514"}],"wp:term":[{"taxonomy":"category","embeddable":true,"href":"https:\/\/santemc.quebec\/icentre\/wp-json\/wp\/v2\/categories?post=4514"},{"taxonomy":"post_tag","embeddable":true,"href":"https:\/\/santemc.quebec\/icentre\/wp-json\/wp\/v2\/tags?post=4514"}],"curies":[{"name":"wp","href":"https:\/\/api.w.org\/{rel}","templated":true}]}}