{"id":4516,"date":"2017-04-20T15:52:58","date_gmt":"2017-04-20T19:52:58","guid":{"rendered":"http:\/\/santemc.quebec\/icentre\/?p=4516"},"modified":"2017-04-20T15:52:58","modified_gmt":"2017-04-20T19:52:58","slug":"journee-de-lenvironnement-dans-ladministration-publique-jeap-le-21-avril","status":"publish","type":"post","link":"https:\/\/santemc.quebec\/icentre\/journee-de-lenvironnement-dans-ladministration-publique-jeap-le-21-avril\/","title":{"rendered":"Journ\u00e9e de l\u2019environnement dans l\u2019administration publique (JEAP), le 21 avril"},"content":{"rendered":"<p><img decoding=\"async\" loading=\"lazy\" class=\"alignleft size-medium\" src=\"http:\/\/www.transitionenergetique.gouv.qc.ca\/fileadmin\/medias\/images\/Actualit%C3%A9s\/2015-04-journee-environnement.PNG\" width=\"241\" height=\"189\" \/>Demain le 21 avril se tiendra la Journ\u00e9e de l\u2019environnement dans l\u2019administration publique (JEAP), soit la veille du Jour de la Terre. Le th\u00e8me retenu cette ann\u00e9e est \u00ab Opter pour la mobilit\u00e9 durable, c\u2019est faire sa part pour l\u2019environnement et lutter contre les changements climatiques! \u00bb Au Qu\u00e9bec, le secteur des transports est responsable de 41 % des \u00e9missions de gaz \u00e0 effet de serre (GES), dont 82 % proviennent du transport routier. Cela en fait, et de loin, le secteur le plus \u00e9metteur de GES.<!--more--><\/p>\n<p>Nous vous invitons \u00e0 profiter de cette journ\u00e9e pour r\u00e9fl\u00e9chir \u00e0 d&rsquo;autres options de transport pour vous rendre au travail : marche, v\u00e9lo, autobus, covoiturage, autopartage ou \u00e9coconduite.<\/p>\n<p>Opter pour la mobilit\u00e9 durable, c\u2019est faire sa part pour l\u2019environnement et la lutte contre les changements climatiques!<\/p>\n","protected":false},"excerpt":{"rendered":"<p>Demain le 21 avril se tiendra la Journ\u00e9e de l\u2019environnement dans l\u2019administration publique (JEAP), soit la veille du Jour de la Terre. Le th\u00e8me retenu cette ann\u00e9e est \u00ab Opter pour la mobilit\u00e9 durable, c\u2019est faire sa part pour l\u2019environnement &hellip; <a href=\"https:\/\/santemc.quebec\/icentre\/journee-de-lenvironnement-dans-ladministration-publique-jeap-le-21-avril\/\">Continuer la lecture <span class=\"meta-nav\">&rarr;<\/span><\/a><\/p>\n","protected":false},"author":1,"featured_media":0,"comment_status":"open","ping_status":"closed","sticky":false,"template":"","format":"standard","meta":{"footnotes":""},"categories":[1],"tags":[],"_links":{"self":[{"href":"https:\/\/santemc.quebec\/icentre\/wp-json\/wp\/v2\/posts\/4516"}],"collection":[{"href":"https:\/\/santemc.quebec\/icentre\/wp-json\/wp\/v2\/posts"}],"about":[{"href":"https:\/\/santemc.quebec\/icentre\/wp-json\/wp\/v2\/types\/post"}],"author":[{"embeddable":true,"href":"https:\/\/santemc.quebec\/icentre\/wp-json\/wp\/v2\/users\/1"}],"replies":[{"embeddable":true,"href":"https:\/\/santemc.quebec\/icentre\/wp-json\/wp\/v2\/comments?post=4516"}],"version-history":[{"count":1,"href":"https:\/\/santemc.quebec\/icentre\/wp-json\/wp\/v2\/posts\/4516\/revisions"}],"predecessor-version":[{"id":4517,"href":"https:\/\/santemc.quebec\/icentre\/wp-json\/wp\/v2\/posts\/4516\/revisions\/4517"}],"wp:attachment":[{"href":"https:\/\/santemc.quebec\/icentre\/wp-json\/wp\/v2\/media?parent=4516"}],"wp:term":[{"taxonomy":"category","embeddable":true,"href":"https:\/\/santemc.quebec\/icentre\/wp-json\/wp\/v2\/categories?post=4516"},{"taxonomy":"post_tag","embeddable":true,"href":"https:\/\/santemc.quebec\/icentre\/wp-json\/wp\/v2\/tags?post=4516"}],"curies":[{"name":"wp","href":"https:\/\/api.w.org\/{rel}","templated":true}]}}