{"id":4531,"date":"2017-04-25T14:20:22","date_gmt":"2017-04-25T18:20:22","guid":{"rendered":"http:\/\/santemc.quebec\/icentre\/?p=4531"},"modified":"2017-04-25T16:00:34","modified_gmt":"2017-04-25T20:00:34","slug":"deux-jeunes-garcons-qui-simpliquent-fondation-hopital-charles-lemoyne","status":"publish","type":"post","link":"https:\/\/santemc.quebec\/icentre\/deux-jeunes-garcons-qui-simpliquent-fondation-hopital-charles-lemoyne\/","title":{"rendered":"Deux jeunes gar\u00e7ons qui s\u2019impliquent! \u2013 Fondation H\u00f4pital Charles-LeMoyne"},"content":{"rendered":"<p><a href=\"http:\/\/santemc.quebec\/santemc\/icentre\/wp-content\/uploads\/2017\/04\/Photos-J\u00e9r\u00f4me-et-Nolan-1.jpg\"><img decoding=\"async\" loading=\"lazy\" class=\"alignleft size-medium wp-image-4535\" src=\"http:\/\/santemc.quebec\/santemc\/icentre\/wp-content\/uploads\/2017\/04\/Photos-J\u00e9r\u00f4me-et-Nolan-1-300x253.jpg\" alt=\"\" width=\"300\" height=\"253\" srcset=\"https:\/\/santemc.quebec\/santemc\/icentre\/wp-content\/uploads\/2017\/04\/Photos-J\u00e9r\u00f4me-et-Nolan-1-300x253.jpg 300w, https:\/\/santemc.quebec\/santemc\/icentre\/wp-content\/uploads\/2017\/04\/Photos-J\u00e9r\u00f4me-et-Nolan-1-356x300.jpg 356w, https:\/\/santemc.quebec\/santemc\/icentre\/wp-content\/uploads\/2017\/04\/Photos-J\u00e9r\u00f4me-et-Nolan-1.jpg 614w\" sizes=\"(max-width: 300px) 100vw, 300px\" \/><\/a>R\u00e9cemment, l\u2019\u00e9quipe de p\u00e9diatrie a \u00e9t\u00e9 t\u00e9moin d\u2019une g\u00e9n\u00e9reuse implication de la part de deux jeunes gar\u00e7ons de la r\u00e9gion. J\u00e9r\u00f4me De Gr\u00e2ce et Nolan De La Sablonni\u00e8re sont venus distribuer des jouets neufs aux enfants hospitalis\u00e9s en p\u00e9diatrie et p\u00e9dopsychiatrie. Ce sont 70 jouets provenant des commerces de la r\u00e9gion qui ont \u00e9t\u00e9 remis aux patients.<!--more--><\/p>\n<p>J\u00e9r\u00f4me en a eu l\u2019id\u00e9e alors lorsqu\u2019il regardait ses photos d\u2019enfance avec son ami Nolan. Il y a quelques ann\u00e9es, J\u00e9r\u00f4me \u2013 alors b\u00e9b\u00e9 \u2013 a d\u00fb \u00eatre hospitalis\u00e9 \u00e0 l\u2019H\u00f4pital Charles-Le Moyne.<\/p>\n<p>\u00c0 travers un projet scolaire \u00e0 l\u2019\u00c9cole du Carrousel de Varennes, ils ont choisi d\u2019apporter \u00e0 leur fa\u00e7on un soutien aux enfants hospitalis\u00e9s. Ensemble, ils ont rencontr\u00e9 plusieurs commer\u00e7ants de la r\u00e9gion afin de les sensibiliser \u00e0 leur cause. L\u2019objectif \u00e9tait alors de r\u00e9colter 40 jouets. Leur excellent travail leur a valu la participation de 13 pharmacies, magasins de jouets\u2026, permettant ainsi d\u2019amasser 70 jouets neufs pour les enfants de l\u2019H\u00f4pital, soit presque le double de leur objectif initial.\u00a0Les \u00e9quipes m\u00e9dicales ont beaucoup appr\u00e9ci\u00e9 ce geste touchant et g\u00e9n\u00e9reux. Merci J\u00e9r\u00f4me et Nolan!<\/p>\n<p><a href=\"http:\/\/santemc.quebec\/santemc\/icentre\/wp-content\/uploads\/2017\/04\/Photos-J\u00e9r\u00f4me-et-Nolan2.jpg\"><img decoding=\"async\" loading=\"lazy\" class=\"alignleft size-medium wp-image-4537\" src=\"http:\/\/santemc.quebec\/santemc\/icentre\/wp-content\/uploads\/2017\/04\/Photos-J\u00e9r\u00f4me-et-Nolan2-300x226.jpg\" alt=\"\" width=\"300\" height=\"226\" srcset=\"https:\/\/santemc.quebec\/santemc\/icentre\/wp-content\/uploads\/2017\/04\/Photos-J\u00e9r\u00f4me-et-Nolan2-300x226.jpg 300w, https:\/\/santemc.quebec\/santemc\/icentre\/wp-content\/uploads\/2017\/04\/Photos-J\u00e9r\u00f4me-et-Nolan2-399x300.jpg 399w, https:\/\/santemc.quebec\/santemc\/icentre\/wp-content\/uploads\/2017\/04\/Photos-J\u00e9r\u00f4me-et-Nolan2.jpg 687w\" sizes=\"(max-width: 300px) 100vw, 300px\" \/><\/a><\/p>\n","protected":false},"excerpt":{"rendered":"<p>R\u00e9cemment, l\u2019\u00e9quipe de p\u00e9diatrie a \u00e9t\u00e9 t\u00e9moin d\u2019une g\u00e9n\u00e9reuse implication de la part de deux jeunes gar\u00e7ons de la r\u00e9gion. J\u00e9r\u00f4me De Gr\u00e2ce et Nolan De La Sablonni\u00e8re sont venus distribuer des jouets neufs aux enfants hospitalis\u00e9s en p\u00e9diatrie et &hellip; <a href=\"https:\/\/santemc.quebec\/icentre\/deux-jeunes-garcons-qui-simpliquent-fondation-hopital-charles-lemoyne\/\">Continuer la lecture <span class=\"meta-nav\">&rarr;<\/span><\/a><\/p>\n","protected":false},"author":1,"featured_media":0,"comment_status":"open","ping_status":"closed","sticky":false,"template":"","format":"standard","meta":{"footnotes":""},"categories":[1],"tags":[55],"_links":{"self":[{"href":"https:\/\/santemc.quebec\/icentre\/wp-json\/wp\/v2\/posts\/4531"}],"collection":[{"href":"https:\/\/santemc.quebec\/icentre\/wp-json\/wp\/v2\/posts"}],"about":[{"href":"https:\/\/santemc.quebec\/icentre\/wp-json\/wp\/v2\/types\/post"}],"author":[{"embeddable":true,"href":"https:\/\/santemc.quebec\/icentre\/wp-json\/wp\/v2\/users\/1"}],"replies":[{"embeddable":true,"href":"https:\/\/santemc.quebec\/icentre\/wp-json\/wp\/v2\/comments?post=4531"}],"version-history":[{"count":3,"href":"https:\/\/santemc.quebec\/icentre\/wp-json\/wp\/v2\/posts\/4531\/revisions"}],"predecessor-version":[{"id":4538,"href":"https:\/\/santemc.quebec\/icentre\/wp-json\/wp\/v2\/posts\/4531\/revisions\/4538"}],"wp:attachment":[{"href":"https:\/\/santemc.quebec\/icentre\/wp-json\/wp\/v2\/media?parent=4531"}],"wp:term":[{"taxonomy":"category","embeddable":true,"href":"https:\/\/santemc.quebec\/icentre\/wp-json\/wp\/v2\/categories?post=4531"},{"taxonomy":"post_tag","embeddable":true,"href":"https:\/\/santemc.quebec\/icentre\/wp-json\/wp\/v2\/tags?post=4531"}],"curies":[{"name":"wp","href":"https:\/\/api.w.org\/{rel}","templated":true}]}}