{"id":4539,"date":"2017-04-25T16:12:38","date_gmt":"2017-04-25T20:12:38","guid":{"rendered":"http:\/\/santemc.quebec\/icentre\/?p=4539"},"modified":"2017-04-25T16:13:36","modified_gmt":"2017-04-25T20:13:36","slug":"inauguration-des-nouveaux-locaux-de-lhopital-du-haut-richelieu-a-la-suite-dun-projet-dagrandissement-majeur","status":"publish","type":"post","link":"https:\/\/santemc.quebec\/icentre\/inauguration-des-nouveaux-locaux-de-lhopital-du-haut-richelieu-a-la-suite-dun-projet-dagrandissement-majeur\/","title":{"rendered":"Inauguration des nouveaux locaux de l&rsquo;H\u00f4pital du Haut-Richelieu \u00e0 la suite d&rsquo;un projet d&rsquo;agrandissement majeur"},"content":{"rendered":"<div style=\"width: 331px\" class=\"wp-caption alignleft\"><a href=\"http:\/\/pbs.twimg.com\/media\/C-Q-btKXgAA0IgE.jpg\"><img decoding=\"async\" loading=\"lazy\" src=\"http:\/\/pbs.twimg.com\/media\/C-Q-btKXgAA0IgE.jpg\" alt=\"\" width=\"321\" height=\"244\" \/><\/a><p class=\"wp-caption-text\">Mme Lise Pouliot, pr\u00e9sidente-directrice g\u00e9n\u00e9rale adjointe, M. Michel Wong Kee Song, membre du CA, M. Ga\u00e9tan Barrette, ministre de la Sant\u00e9 et des Services sociaux, M. Richard Deschamps, pr\u00e9sident-directeur g\u00e9n\u00e9ral, Mme Nicole Mongeon, membre du CA, M. Dave Turcotte, d\u00e9put\u00e9 de Saint-Jean, M. Jean-Marc Jacques, attach\u00e9 politique, bureau de Mme Lucie Charlebois, ministre d\u00e9l\u00e9gu\u00e9e.<\/p><\/div>\n<p>Dans le cadre des efforts pour doter le r\u00e9seau de la sant\u00e9 et des services sociaux d&rsquo;infrastructures plus modernes et mieux adapt\u00e9es aux besoins actuels de la population, le ministre de la Sant\u00e9 et des Services sociaux, monsieur Ga\u00e9tan Barrette, a proc\u00e9d\u00e9 aujourd&rsquo;hui \u00e0 l&rsquo;inauguration des nouveaux locaux de l&rsquo;H\u00f4pital du Haut-Richelieu, un \u00e9tablissement du Centre int\u00e9gr\u00e9 de sant\u00e9 et de services sociaux de la Mont\u00e9r\u00e9gie-Centre.<!--more--><\/p>\n<p>Ce projet de construction d&rsquo;envergure a permis d&rsquo;augmenter de 43 % la superficie de l&rsquo;H\u00f4pital, notamment par l&rsquo;ajout d&rsquo;une nouvelle aile de quatre \u00e9tages offrant un espace suppl\u00e9mentaire de 14 196 m\u00e8tres carr\u00e9s, d&rsquo;une nouvelle urgence trois fois plus vaste que l&rsquo;ancienne, d&rsquo;un bloc op\u00e9ratoire et des soins intensifs. Sur le plan financier, ce projet repr\u00e9sente un co\u00fbt total de 105,5 M$, financ\u00e9 en majeure partie par le minist\u00e8re de la Sant\u00e9 et des Services sociaux, conform\u00e9ment aux investissements pr\u00e9vus dans le cadre du Plan qu\u00e9b\u00e9cois des infrastructures.<\/p>\n<p><b>Citation :<\/b><\/p>\n<p>\u00ab Cet investissement majeur t\u00e9moigne de notre volont\u00e9 de fournir les meilleures infrastructures de sant\u00e9 possible aux Qu\u00e9b\u00e9coises et aux Qu\u00e9b\u00e9cois, en optant pour des projets qui ont un impact concret sur la qualit\u00e9 des services et sur leur proximit\u00e9, dans un environnement optimis\u00e9 pour \u00eatre \u00e0 la fois plus efficient, mais aussi beaucoup plus spacieux et convivial. Nous r\u00e9pondrons ainsi mieux aux besoins des patientes et patients de la Mont\u00e9r\u00e9gie-Centre. \u00bb<\/p>\n<p><i>Ga\u00e9tan Barrette, ministre de la Sant\u00e9 et des Services sociaux<\/i><\/p>\n<p>\u00ab Je suis tr\u00e8s heureuse que les nouveaux locaux de l&rsquo;H\u00f4pital puissent offrir un environnement de soins plus moderne, vaste et lumineux, qui contribuera \u00e0 la qualit\u00e9 de vie des patients et du personnel. Am\u00e9nag\u00e9s en fonction des normes les plus r\u00e9centes, ces locaux contribueront \u00e0 assurer la s\u00e9curit\u00e9 des usagers et \u00e0 favoriser une meilleure exp\u00e9rience de soins, gr\u00e2ce \u00e0 une plus grande intimit\u00e9 et une meilleure confidentialit\u00e9 lors des interventions. \u00bb<\/p>\n<p><i><span class=\"xn-person\">Lucie Charlebois<\/span>, ministre responsable de la r\u00e9gion de la Mont\u00e9r\u00e9gie<\/i><\/p>\n<p><b>Faits saillants :<\/b><\/p>\n<p>La nouvelle aile comprendra notamment :<\/p>\n<ul type=\"disc\">\n<li>au sous-sol : des quais de livraisons et les services techniques et logistiques;<\/li>\n<li>au rez-de-chauss\u00e9e : la nouvelle urgence, qui disposera de 37 civi\u00e8res en salle d&rsquo;observation, de quatre civi\u00e8res en salle de r\u00e9animation et de 11 salles dans l&rsquo;aire ambulatoire;<\/li>\n<li>au 2e \u00e9tage : un bloc op\u00e9ratoire de huit salles \u00e9quip\u00e9es \u00e0 la fine pointe de la technologie, une salle de r\u00e9veil de 14 civi\u00e8res et les soins intensifs, qui disposeront de 18 lits polyvalents;<\/li>\n<li>au 3e \u00e9tage : des espaces qui seront \u00e9ventuellement am\u00e9nag\u00e9s pour accueillir le secteur des laboratoires;<\/li>\n<li>en toiture : une salle m\u00e9canique.<\/li>\n<\/ul>\n<p>Le transfert des secteurs dans la nouvelle aile permettra d&rsquo;am\u00e9nager la chirurgie d&rsquo;un jour incluant 20 civi\u00e8res, le secteur administratif du bloc op\u00e9ratoire ainsi que d&rsquo;autres services cliniques dans les espaces vacants.<\/p>\n<p>Parmi les prochaines \u00e9tapes pr\u00e9vues, notons le transfert des secteurs du bloc op\u00e9ratoire, des soins intensifs et de l&rsquo;urgence vers les nouveaux locaux, en vue d&rsquo;une ouverture \u00e0 la population au cours du mois de mai.<\/p>\n<p>Ce projet repr\u00e9sente un investissement de 104,3 M$ du Gouvernement du Qu\u00e9bec.<\/p>\n<p>Source : Minist\u00e8re de la Sant\u00e9 et des Services sociaux<\/p>\n<p>&nbsp;<\/p>\n","protected":false},"excerpt":{"rendered":"<p>Dans le cadre des efforts pour doter le r\u00e9seau de la sant\u00e9 et des services sociaux d&rsquo;infrastructures plus modernes et mieux adapt\u00e9es aux besoins actuels de la population, le ministre de la Sant\u00e9 et des Services sociaux, monsieur Ga\u00e9tan Barrette, &hellip; <a href=\"https:\/\/santemc.quebec\/icentre\/inauguration-des-nouveaux-locaux-de-lhopital-du-haut-richelieu-a-la-suite-dun-projet-dagrandissement-majeur\/\">Continuer la lecture <span class=\"meta-nav\">&rarr;<\/span><\/a><\/p>\n","protected":false},"author":1,"featured_media":0,"comment_status":"open","ping_status":"closed","sticky":false,"template":"","format":"standard","meta":{"footnotes":""},"categories":[1],"tags":[],"_links":{"self":[{"href":"https:\/\/santemc.quebec\/icentre\/wp-json\/wp\/v2\/posts\/4539"}],"collection":[{"href":"https:\/\/santemc.quebec\/icentre\/wp-json\/wp\/v2\/posts"}],"about":[{"href":"https:\/\/santemc.quebec\/icentre\/wp-json\/wp\/v2\/types\/post"}],"author":[{"embeddable":true,"href":"https:\/\/santemc.quebec\/icentre\/wp-json\/wp\/v2\/users\/1"}],"replies":[{"embeddable":true,"href":"https:\/\/santemc.quebec\/icentre\/wp-json\/wp\/v2\/comments?post=4539"}],"version-history":[{"count":4,"href":"https:\/\/santemc.quebec\/icentre\/wp-json\/wp\/v2\/posts\/4539\/revisions"}],"predecessor-version":[{"id":4548,"href":"https:\/\/santemc.quebec\/icentre\/wp-json\/wp\/v2\/posts\/4539\/revisions\/4548"}],"wp:attachment":[{"href":"https:\/\/santemc.quebec\/icentre\/wp-json\/wp\/v2\/media?parent=4539"}],"wp:term":[{"taxonomy":"category","embeddable":true,"href":"https:\/\/santemc.quebec\/icentre\/wp-json\/wp\/v2\/categories?post=4539"},{"taxonomy":"post_tag","embeddable":true,"href":"https:\/\/santemc.quebec\/icentre\/wp-json\/wp\/v2\/tags?post=4539"}],"curies":[{"name":"wp","href":"https:\/\/api.w.org\/{rel}","templated":true}]}}