{"id":4551,"date":"2017-04-28T10:54:38","date_gmt":"2017-04-28T14:54:38","guid":{"rendered":"http:\/\/santemc.quebec\/icentre\/?p=4551"},"modified":"2017-05-02T13:27:39","modified_gmt":"2017-05-02T17:27:39","slug":"bilan-recrutement-200-embauches-depuis-le-1er-avril","status":"publish","type":"post","link":"https:\/\/santemc.quebec\/icentre\/bilan-recrutement-200-embauches-depuis-le-1er-avril\/","title":{"rendered":"Bilan recrutement : 94 nouvelles entr\u00e9es en fonction depuis le 1er avril!"},"content":{"rendered":"<p>Voici comme pr\u00e9vu un premier bilan de notre offensive de recrutement qui vous permettra de constater que nos efforts et nos actions portent leurs fruits. Pas moins de 94 personnes\u00a0se sont ajout\u00e9es \u00e0 nos \u00e9quipes en moins de 1 mois!<\/p>\n<p><a href=\"https:\/\/infogr.am\/welcome_your_first_project-9889\" target=\"_blank\" rel=\"noopener noreferrer\"><img decoding=\"async\" loading=\"lazy\" class=\"aligncenter wp-image-4592\" src=\"http:\/\/santemc.quebec\/santemc\/icentre\/wp-content\/uploads\/2017\/04\/recrutement.png\" alt=\"\" width=\"720\" height=\"438\" \/><\/a><\/p>\n<p><!--more--><\/p>\n<p><strong>Nous souhaitons \u00e0 tous les nouveaux employ\u00e9s la bienvenue dans notre organisation!<\/strong><\/p>\n<div style=\"width: 100%; float: left;\">\n<div style=\"width: 45%; float: left;\">\n<p><strong>Pour le RLS Champlain<\/strong><\/p>\n<p><strong>Groupe infirmi\u00e8res (6)<\/strong><\/p>\n<ul>\n<li>Anie\u00a0Blondelle Kenzo<\/li>\n<li>Camille\u00a0Rousseau (inf. clinicienne)<\/li>\n<li>Isabelle Roy<\/li>\n<li>Lucie Coulombe<\/li>\n<li>St\u00e9phanie\u00a0Lewis Lagac\u00e9<\/li>\n<li>Kasandra Tremblay (CEPI)<\/li>\n<\/ul>\n<p><strong>Infirmi\u00e8res auxiliaires (4)<\/strong><\/p>\n<ul>\n<li>Anouchka Beaulieu-Reid<\/li>\n<li>Kathleen Marcil<\/li>\n<li>Mathieu Bedard<\/li>\n<li>St\u00e9phanie Savard<\/li>\n<\/ul>\n<p><strong>Pr\u00e9pos\u00e9es aux b\u00e9n\u00e9ficiaires (3)<\/strong><\/p>\n<ul>\n<li>Catherine Surprenant<\/li>\n<li>Justine G\u00e9rard<\/li>\n<li>No\u00e9mie Trudeau<\/li>\n<\/ul>\n<p><strong>Personnel\u00a0administratif (16)<\/strong><\/p>\n<ul>\n<li>Catherine Deguire\u00a0 (agente administrative)<\/li>\n<li>Chantale Allaire (agente administrative)<\/li>\n<li>Dany Lemieux\u00a0(agent administratif)<\/li>\n<li>Emmanuelle Boulhiol\u00a0 (agente administrative)<\/li>\n<li>Fran\u00e7ois Gibeault (Analyste sp\u00e9cialis\u00e9 informatique)<\/li>\n<li>Isa-Maude Renaud-Houle\u00a0(agente administrative)<\/li>\n<li>Jean-Claude Ouellet (technicien en administration)<\/li>\n<li>Julie Jean\u00a0 (agente administrative)<\/li>\n<li>Manon Matte\u00a0(agente administrative)<\/li>\n<li>Marie-Cl\u00e9mence Essebe\u00a0(agente administrative)<\/li>\n<li>Maxime Caron\u00a0(agent administratif)<\/li>\n<li>Sarah Breton Lessard\u00a0(agente administrative)<\/li>\n<li>Scott Fortier (magasinier)<\/li>\n<li>St\u00e9phanie Potvin (sp\u00e9cialiste en proc\u00e9d\u00e9s administratifs)<\/li>\n<li>Stephanie Prevost(agente administrative)<\/li>\n<li>Xavier Tanguay (agent administratif)<\/li>\n<\/ul>\n<p><strong>Professionnels et techniciens\u00a0en sant\u00e9 services sociaux (11)<\/strong><\/p>\n<ul>\n<li>Danielle Blackwood (technicienne en travail sociale)<\/li>\n<li>Genevi\u00e8ve Gaudreau (agente\u00a0de relations humaines)<\/li>\n<li>Jacob Cl\u00e9ment (technologiste m\u00e9dical)<\/li>\n<li>J\u00e9r\u00e9mie Garneau\u00a0\u00a0(technicien en assistance sociale)<\/li>\n<li>Lora Karcheva (psychologue)<\/li>\n<li>Marie-\u00c8ve Melan\u00e7on (travailleuse social)<\/li>\n<li>M\u00e9lany Denoncourt (assistante technique pharmacie)<\/li>\n<li>Myl\u00e8ne Fontaine (physioth\u00e9rapeute)<\/li>\n<li>Myriam Boisvert (ergoth\u00e9rapeute)<\/li>\n<li>Sabrina Hamel (travailleuse sociale)<\/li>\n<li>Tatiana Romeus\u00a0(travailleuse sociale)<\/li>\n<\/ul>\n<p><strong>Employ\u00e9s de\u00a0soutien (19)<\/strong><\/p>\n<ul>\n<li>AbdelKhalil Ladid\u00a0(pr\u00e9pos\u00e9 \u00e0 l&rsquo;entretien m\u00e9nager)<\/li>\n<li>Abiga\u00eblle Bl\u00e9mur (pr\u00e9pos\u00e9e au service alimentaire)<\/li>\n<li>Alex Latour\u00a0(pr\u00e9pos\u00e9 \u00e0 l&rsquo;entretien m\u00e9nager)<\/li>\n<li>Anick B\u00e9langer (pr\u00e9pos\u00e9e \u00e0 l&rsquo;hygi\u00e8ne et salubrit\u00e9)<\/li>\n<li>Annie Caron (pr\u00e9pos\u00e9e au service alimentaire)<\/li>\n<li>Djamel Mammouche (pr\u00e9pos\u00e9 au service alimentaire)<\/li>\n<li>Eduardo Carmona Betancourt\u00a0(pr\u00e9pos\u00e9e au service alimentaire)<\/li>\n<li>Eveline Jodoin\u00a0(pr\u00e9pos\u00e9e au service alimentaire)<\/li>\n<li>Fran\u00e7ois Ronald\u00a0(pr\u00e9pos\u00e9 \u00e0 l&rsquo;entretien m\u00e9nager)<\/li>\n<li>Hawa Bah (auxiliaire en sant\u00e9 services sociaux)<\/li>\n<li>Johanne Berniquez (pr\u00e9pos\u00e9e au service alimentaire)<\/li>\n<li>Johanne Dufresne (pr\u00e9pos\u00e9e au service alimentaire)<\/li>\n<li>Kerline Rools Jean Fran\u00e7ois\u00a0(auxiliaire en sant\u00e9 services sociaux)<\/li>\n<li>Mathieu Courville \u00a0(pr\u00e9pos\u00e9 \u00e0 l&rsquo;entretien m\u00e9nager)<\/li>\n<li>M\u00e9lanie Messier (pr\u00e9pos\u00e9e \u00e0 l&rsquo;entretien m\u00e9nager)<\/li>\n<li>M\u00e9lanie Th\u00e9riault (pr\u00e9pos\u00e9e au service alimentaire)<\/li>\n<li>Nancy Jean (pr\u00e9pos\u00e9e au service alimentaire)<\/li>\n<li>Ronald Fran\u00e7ois\u00a0(pr\u00e9pos\u00e9 \u00e0 l&rsquo;entretien m\u00e9nager)<\/li>\n<li>V\u00e9ronique Gagnon (pr\u00e9pos\u00e9e \u00e0 l&rsquo;entretien m\u00e9nager)<\/li>\n<\/ul>\n<\/div>\n<div style=\"width: 10%; float: left;\">\n<p>&nbsp;<\/p>\n<\/div>\n<div style=\"width: 45%; float: left;\">\n<p><strong>Pour le RLS\u00a0du Haut-Richelieu &#8211; Rouville<\/strong><\/p>\n<p><strong>I<\/strong><strong>nhaloth\u00e9rapeute (1)<\/strong><\/p>\n<ul>\n<li>Myriam Ducharme (Inhaloth\u00e9rapeute)<\/li>\n<\/ul>\n<p><strong>Groupe infirmi\u00e8res (10)<\/strong><\/p>\n<ul>\n<li>Awatef Benkhelifa (CEPI)<\/li>\n<li>Caroline Hardy<\/li>\n<li>Cynthia Arbour<\/li>\n<li>Doroth\u00e9e Falco<\/li>\n<li>Doroth\u00e9e Lapalme<\/li>\n<li>Gabriela Paula<\/li>\n<li>Karine Bergeron<\/li>\n<li>Marc-Andr\u00e9 Boucher<\/li>\n<li>Marie-Julie Perreault<\/li>\n<li>Mickiyas Aklilu<\/li>\n<\/ul>\n<p><strong>Infirmi\u00e8res auxiliaires (8)<\/strong><\/p>\n<ul>\n<li>Am\u00e9lie Rochon<\/li>\n<li>Brigida Orlando<\/li>\n<li>Marie-Eve Beauchemin<\/li>\n<li>Michaelle Moncher<\/li>\n<li>Pamela Parent<\/li>\n<li>Patricia L\u00e9vesque<\/li>\n<li>Roxanne Lavoie<\/li>\n<li>Val\u00e9rie Beaudoin<\/li>\n<\/ul>\n<p><strong>Pr\u00e9pos\u00e9es aux b\u00e9n\u00e9ficiaires (5)<\/strong><\/p>\n<ul>\n<li>Amina M.<\/li>\n<li>Angie Beaulieu Lavoie<\/li>\n<li>Nora B\u00e9dard<\/li>\n<li>Patricia Levac Massicotte<\/li>\n<li>Samantha Pepin (\u00e9tudiante)<\/li>\n<\/ul>\n<p><strong>Personnel\u00a0<b>administratif (11)<\/b><\/strong><\/p>\n<ul>\n<li>Audrey Deland\u00a0\u00a0(agente administrative)<\/li>\n<li>Betty Eugene\u00a0\u00a0(agente administrative)<\/li>\n<li>Dominique Grenier\u00a0\u00a0(agente administrative)<\/li>\n<li>Francine Doyle\u00a0\u00a0(agente administrative)<\/li>\n<li>Julie Gaudreau\u00a0\u00a0(agente administrative)<\/li>\n<li>Nadine Dumont\u00a0\u00a0(agente administrative)<\/li>\n<li>No\u00e9mie Choini\u00e8re\u00a0\u00a0(agente administrative)<\/li>\n<li>Samina Dubuc\u00a0\u00a0(agente administrative)<\/li>\n<li>Sonia Chanuc (secr\u00e9taire m\u00e9dicale)<\/li>\n<li>St\u00e9phanie Hach\u00e9\u00a0\u00a0(agente administrative)<\/li>\n<li>Val\u00e9rie Desmarais\u00a0(agente administrative)<\/li>\n<\/ul>\n<\/div>\n<\/div>\n","protected":false},"excerpt":{"rendered":"<p>Voici comme pr\u00e9vu un premier bilan de notre offensive de recrutement qui vous permettra de constater que nos efforts et nos actions portent leurs fruits. Pas moins de 94 personnes\u00a0se sont ajout\u00e9es \u00e0 nos \u00e9quipes en moins de 1 mois!<\/p>\n","protected":false},"author":1,"featured_media":0,"comment_status":"open","ping_status":"closed","sticky":false,"template":"","format":"standard","meta":{"footnotes":""},"categories":[91],"tags":[],"_links":{"self":[{"href":"https:\/\/santemc.quebec\/icentre\/wp-json\/wp\/v2\/posts\/4551"}],"collection":[{"href":"https:\/\/santemc.quebec\/icentre\/wp-json\/wp\/v2\/posts"}],"about":[{"href":"https:\/\/santemc.quebec\/icentre\/wp-json\/wp\/v2\/types\/post"}],"author":[{"embeddable":true,"href":"https:\/\/santemc.quebec\/icentre\/wp-json\/wp\/v2\/users\/1"}],"replies":[{"embeddable":true,"href":"https:\/\/santemc.quebec\/icentre\/wp-json\/wp\/v2\/comments?post=4551"}],"version-history":[{"count":43,"href":"https:\/\/santemc.quebec\/icentre\/wp-json\/wp\/v2\/posts\/4551\/revisions"}],"predecessor-version":[{"id":4601,"href":"https:\/\/santemc.quebec\/icentre\/wp-json\/wp\/v2\/posts\/4551\/revisions\/4601"}],"wp:attachment":[{"href":"https:\/\/santemc.quebec\/icentre\/wp-json\/wp\/v2\/media?parent=4551"}],"wp:term":[{"taxonomy":"category","embeddable":true,"href":"https:\/\/santemc.quebec\/icentre\/wp-json\/wp\/v2\/categories?post=4551"},{"taxonomy":"post_tag","embeddable":true,"href":"https:\/\/santemc.quebec\/icentre\/wp-json\/wp\/v2\/tags?post=4551"}],"curies":[{"name":"wp","href":"https:\/\/api.w.org\/{rel}","templated":true}]}}