{"id":4605,"date":"2017-05-02T12:05:54","date_gmt":"2017-05-02T16:05:54","guid":{"rendered":"http:\/\/santemc.quebec\/icentre\/?p=4605"},"modified":"2017-05-03T11:04:22","modified_gmt":"2017-05-03T15:04:22","slug":"semaine-de-la-sante-mentale-2017","status":"publish","type":"post","link":"https:\/\/santemc.quebec\/icentre\/semaine-de-la-sante-mentale-2017\/","title":{"rendered":"Semaine de la sant\u00e9 mentale 2017"},"content":{"rendered":"<p><img decoding=\"async\" loading=\"lazy\" class=\"alignleft \" src=\"http:\/\/pbs.twimg.com\/media\/C-wTzB_XgAELKe8.jpg\" alt=\"Semaine de la sant\u00e9 mentale\" width=\"312\" height=\"159\" \/><\/p>\n<p>Du 1er au 7 mai, c&rsquo;est la semaine de la sant\u00e9 mentale et c\u2019est l\u2019occasion de saluer le travail essentiel qui est r\u00e9alis\u00e9 par les employ\u00e9s de notre \u00e9tablissement qui \u0153uvrent de pr\u00e8s ou de loin aupr\u00e8s des personnes qui souffrent de probl\u00e8mes de sant\u00e9 mentale.<!--more--><\/p>\n<p><strong>Mouvement Sant\u00e9 mentale Qu\u00e9bec<\/strong><br \/>\nC&rsquo;est aussi l&rsquo;occasion de prendre quelques minutes pour r\u00e9fl\u00e9chir \u00e0 sa propre sant\u00e9 mentale et \u00e0 celle de ses proches. Apr\u00e8s tout, une personne sur cinq vivra des probl\u00e8mes de sant\u00e9 mentale au cours de sa vie.<\/p>\n<p>\u00c0 cet effet, nous vous invitons \u00e0 consulter le site <a href=\"http:\/\/etrebiendanssatete.ca\" target=\"_blank\" rel=\"noopener noreferrer\">etrebiendanssatete.ca<\/a> du Mouvement Sant\u00e9 mentale Qu\u00e9bec. Vous y trouverez 7 ASTUCES pour se recharger, pour maintenir et accro\u00eetre sa sant\u00e9 mentale. Ces astuces sont au c\u0153ur de la campagne annuelle de promotion 2017-2018, qui vise \u00e0 nous faire d\u00e9couvrir qu\u2019individuellement, collectivement et socialement, nous pouvons nous occuper de notre sant\u00e9 mentale et de celle des autres.<\/p>\n<div style=\"width: 584px;\" class=\"wp-video\"><!--[if lt IE 9]><script>document.createElement('video');<\/script><![endif]-->\n<video class=\"wp-video-shortcode\" id=\"video-4605-1\" width=\"584\" height=\"329\" preload=\"metadata\" controls=\"controls\"><source type=\"video\/mp4\" src=\"http:\/\/santemc.quebec\/santemc\/icentre\/wp-content\/uploads\/2017\/05\/7-astuces-pour-se-recharger.mp4?_=1\" \/><a href=\"http:\/\/santemc.quebec\/santemc\/icentre\/wp-content\/uploads\/2017\/05\/7-astuces-pour-se-recharger.mp4\">http:\/\/santemc.quebec\/santemc\/icentre\/wp-content\/uploads\/2017\/05\/7-astuces-pour-se-recharger.mp4<\/a><\/video><\/div>\n<p><strong>Programme d&rsquo;aide aux employ\u00e9s (PAE)<\/strong><br \/>\nLe CISSS de la Mont\u00e9r\u00e9gie-Centre offre \u00e0 tous ses employ\u00e9s un programme d&rsquo;aide gratuit (Homewood Sant\u00e9) pour vous soutenir et vous \u00e9couter. Vous pouvez joindre le PAE tout \u00e0 fait librement, de mani\u00e8re confidentielle et en toute confiance, 24 heures par jour, 7 jours par semaine, aux num\u00e9ros de t\u00e9l\u00e9phone suivants : <strong>1 866-863-1486<\/strong><\/p>\n<p>Comment fonctionne le PAE?<\/p>\n<ul>\n<li>Il s\u2019agit d\u2019un programme enti\u00e8rement confidentiel qui fonctionne sur une base volontaire et sans pr\u00e9judice;<\/li>\n<li>Les services sont offerts 24 heures par jour et 365 jours par ann\u00e9e;<\/li>\n<li>Un professionnel de garde est disponible en tout temps;<\/li>\n<li>Si votre appel est urgent, mentionnez-le. Vous aurez alors droit \u00e0 un service imm\u00e9diat;<\/li>\n<li>Un maximum de 6 rencontres par ann\u00e9e (p\u00e9riode de r\u00e9f\u00e9rence du 1er avril au 31 mars) est offert pour vous aider dans des difficult\u00e9s personnelles comme un deuil, des probl\u00e8mes familiaux, de relation de couple ou d\u2019anxi\u00e9t\u00e9 par exemple.<\/li>\n<\/ul>\n<p>Pour plus d&rsquo;information sur la sant\u00e9 mentale, vous pouvez \u00e9galement consulter le : <a href=\"http:\/\/sante.gouv.qc.ca\/dossiers\/dossier-sante-mentale\/\" target=\"_blank\" rel=\"noopener noreferrer\">http:\/\/sante.gouv.qc.ca\/dossiers\/dossier-sante-mentale\/<\/a><\/p>\n<p>&nbsp;<\/p>\n","protected":false},"excerpt":{"rendered":"<p>Du 1er au 7 mai, c&rsquo;est la semaine de la sant\u00e9 mentale et c\u2019est l\u2019occasion de saluer le travail essentiel qui est r\u00e9alis\u00e9 par les employ\u00e9s de notre \u00e9tablissement qui \u0153uvrent de pr\u00e8s ou de loin aupr\u00e8s des personnes qui &hellip; <a href=\"https:\/\/santemc.quebec\/icentre\/semaine-de-la-sante-mentale-2017\/\">Continuer la lecture <span class=\"meta-nav\">&rarr;<\/span><\/a><\/p>\n","protected":false},"author":1,"featured_media":0,"comment_status":"open","ping_status":"closed","sticky":false,"template":"","format":"standard","meta":{"footnotes":""},"categories":[1],"tags":[],"_links":{"self":[{"href":"https:\/\/santemc.quebec\/icentre\/wp-json\/wp\/v2\/posts\/4605"}],"collection":[{"href":"https:\/\/santemc.quebec\/icentre\/wp-json\/wp\/v2\/posts"}],"about":[{"href":"https:\/\/santemc.quebec\/icentre\/wp-json\/wp\/v2\/types\/post"}],"author":[{"embeddable":true,"href":"https:\/\/santemc.quebec\/icentre\/wp-json\/wp\/v2\/users\/1"}],"replies":[{"embeddable":true,"href":"https:\/\/santemc.quebec\/icentre\/wp-json\/wp\/v2\/comments?post=4605"}],"version-history":[{"count":4,"href":"https:\/\/santemc.quebec\/icentre\/wp-json\/wp\/v2\/posts\/4605\/revisions"}],"predecessor-version":[{"id":4610,"href":"https:\/\/santemc.quebec\/icentre\/wp-json\/wp\/v2\/posts\/4605\/revisions\/4610"}],"wp:attachment":[{"href":"https:\/\/santemc.quebec\/icentre\/wp-json\/wp\/v2\/media?parent=4605"}],"wp:term":[{"taxonomy":"category","embeddable":true,"href":"https:\/\/santemc.quebec\/icentre\/wp-json\/wp\/v2\/categories?post=4605"},{"taxonomy":"post_tag","embeddable":true,"href":"https:\/\/santemc.quebec\/icentre\/wp-json\/wp\/v2\/tags?post=4605"}],"curies":[{"name":"wp","href":"https:\/\/api.w.org\/{rel}","templated":true}]}}