{"id":4616,"date":"2017-05-05T08:55:35","date_gmt":"2017-05-05T12:55:35","guid":{"rendered":"http:\/\/santemc.quebec\/icentre\/?p=4616"},"modified":"2017-05-10T08:59:01","modified_gmt":"2017-05-10T12:59:01","slug":"les-dernieres-nominations-de-cadres-intermediaires-9-copy","status":"publish","type":"post","link":"https:\/\/santemc.quebec\/icentre\/les-dernieres-nominations-de-cadres-intermediaires-9-copy\/","title":{"rendered":"Les derni\u00e8res nominations de cadres interm\u00e9diaires"},"content":{"rendered":"<p>Voici les plus r\u00e9centes nominations :<br \/>\n<!--more--><\/p>\n<p><strong>Direction Optilab<\/strong><\/p>\n<table style=\"width: 75%;\">\n<tbody>\n<tr>\n<td style=\"width: 70%;\">Coordonnateur clinico-administratif du laboratoire serveur<br \/>\n(Entr\u00e9e en fonction : 10 mai 2017)<\/td>\n<td style=\"width: 5%;\"><\/td>\n<td style=\"width: 25%;\">M. Fran\u00e7ois Beauregard<\/td>\n<\/tr>\n<tr>\n<td style=\"width: 70%;\">Coordonnatrice clinico-administrative des laboratoires associ\u00e9s (Entr\u00e9e en fonction : 15 mai 2017)<\/td>\n<td style=\"width: 5%;\"><\/td>\n<td style=\"width: 25%;\">Mme Marie Vachon<\/td>\n<\/tr>\n<\/tbody>\n<\/table>\n<p>&nbsp;<\/p>\n<p><strong>Direction des ressources humaines, des communications et des affaires juridiques<\/strong><\/p>\n<table style=\"width: 75%;\">\n<tbody>\n<tr>\n<td style=\"width: 70%;\">Conseill\u00e8re en gestion des ressources humaines et relations de travail (Entr\u00e9e en fonction : 16 mai 2017)<\/td>\n<td style=\"width: 5%;\"><\/td>\n<td style=\"width: 25%;\">Mme M\u00e9lanie Grenier<\/td>\n<\/tr>\n<\/tbody>\n<\/table>\n<p>&nbsp;<\/p>\n<p><strong>Direction de la Logistique<\/strong><\/p>\n<table style=\"width: 75%;\">\n<tbody>\n<tr>\n<td style=\"width: 70%;\">Chef du service &#8211; gestion contractuelle et appels d&rsquo;offres (Entr\u00e9e en fonction : 15 mai 2017)<\/td>\n<td style=\"width: 5%;\"><\/td>\n<td style=\"width: 25%;\">Mme Amel Selmi<\/td>\n<\/tr>\n<\/tbody>\n<\/table>\n<p>&nbsp;<\/p>\n<p><strong>Direction de l\u2019enseignement et des affaires universitaires<\/strong><\/p>\n<table style=\"width: 75%;\">\n<tbody>\n<tr>\n<td style=\"width: 70%;\">Adjointe \u00e0 la Direction de l&rsquo;enseignement et des affaires universitaires (Entr\u00e9e en fonction : 29 mai 2017)<\/td>\n<td style=\"width: 5%;\"><\/td>\n<td style=\"width: 25%;\">Mme Alexandra Plourde<\/td>\n<\/tr>\n<\/tbody>\n<\/table>\n<p>&nbsp;<\/p>\n","protected":false},"excerpt":{"rendered":"<p>Voici les plus r\u00e9centes nominations :<\/p>\n","protected":false},"author":1,"featured_media":0,"comment_status":"open","ping_status":"closed","sticky":false,"template":"","format":"standard","meta":{"footnotes":""},"categories":[1],"tags":[8],"_links":{"self":[{"href":"https:\/\/santemc.quebec\/icentre\/wp-json\/wp\/v2\/posts\/4616"}],"collection":[{"href":"https:\/\/santemc.quebec\/icentre\/wp-json\/wp\/v2\/posts"}],"about":[{"href":"https:\/\/santemc.quebec\/icentre\/wp-json\/wp\/v2\/types\/post"}],"author":[{"embeddable":true,"href":"https:\/\/santemc.quebec\/icentre\/wp-json\/wp\/v2\/users\/1"}],"replies":[{"embeddable":true,"href":"https:\/\/santemc.quebec\/icentre\/wp-json\/wp\/v2\/comments?post=4616"}],"version-history":[{"count":5,"href":"https:\/\/santemc.quebec\/icentre\/wp-json\/wp\/v2\/posts\/4616\/revisions"}],"predecessor-version":[{"id":4632,"href":"https:\/\/santemc.quebec\/icentre\/wp-json\/wp\/v2\/posts\/4616\/revisions\/4632"}],"wp:attachment":[{"href":"https:\/\/santemc.quebec\/icentre\/wp-json\/wp\/v2\/media?parent=4616"}],"wp:term":[{"taxonomy":"category","embeddable":true,"href":"https:\/\/santemc.quebec\/icentre\/wp-json\/wp\/v2\/categories?post=4616"},{"taxonomy":"post_tag","embeddable":true,"href":"https:\/\/santemc.quebec\/icentre\/wp-json\/wp\/v2\/tags?post=4616"}],"curies":[{"name":"wp","href":"https:\/\/api.w.org\/{rel}","templated":true}]}}