{"id":4637,"date":"2017-05-11T08:45:53","date_gmt":"2017-05-11T12:45:53","guid":{"rendered":"http:\/\/santemc.quebec\/icentre\/?p=4637"},"modified":"2017-05-11T09:34:39","modified_gmt":"2017-05-11T13:34:39","slug":"semaine-de-la-securite-civile-ma-securite-ma-responsabilite","status":"publish","type":"post","link":"https:\/\/santemc.quebec\/icentre\/semaine-de-la-securite-civile-ma-securite-ma-responsabilite\/","title":{"rendered":"Semaine de la s\u00e9curit\u00e9 civile &#8211; Ma s\u00e9curit\u00e9 : ma responsabilit\u00e9!"},"content":{"rendered":"<p><img decoding=\"async\" loading=\"lazy\" class=\"alignleft size-full\" src=\"http:\/\/www.securitepublique.gouv.qc.ca\/fileadmin\/images\/securite_civile\/semaine_securite_civile\/2017\/imgContent_170X341_2017-04_.jpg\" width=\"170\" height=\"341\" \/><\/p>\n<p>La Semaine de la s\u00e9curit\u00e9 civile qui se tient du 7 au 13 mai 2017 a pour but de sensibiliser la population \u00e0 l\u2019importance d\u2019\u00eatre pr\u00eat \u00e0 affronter un \u00e9ventuel sinistre. Les inondations qui frappent plusieurs municipalit\u00e9s au Qu\u00e9bec en ce moment nous rappellent d&rsquo;ailleurs que personne n&rsquo;est \u00e0 l&rsquo;abri d&rsquo;un sinistre et que chaque individu est responsable de sa propre s\u00e9curit\u00e9.<\/p>\n<p><strong>Inondations du printemps<\/strong><\/p>\n<p>Saviez-vous que le CISSS de la Mont\u00e9r\u00e9gie-Centre a le mandat minist\u00e9riel de \u00ab\u00a0leadership\u00a0\u00bb en s\u00e9curit\u00e9 civile en Mont\u00e9r\u00e9gie? <!--more-->En effet, Jean-Marc Breton, coordonnateur r\u00e9gional en s\u00e9curit\u00e9 civile et service pr\u00e9hospitalier d&rsquo;urgence, Manuel Herreras, responsable des mesures d&rsquo;urgences s\u00e9curit\u00e9 civile, mission sant\u00e9, ainsi que leurs coll\u00e8gues sont mobilis\u00e9s au centre r\u00e9gional de coordination gouvernementale de l&rsquo;Organisation r\u00e9gionale de s\u00e9curit\u00e9 civile bas\u00e9 \u00e0 Saint-Jean-sur-Richelieu. Ils repr\u00e9sentent le secteur de la sant\u00e9 et des services sociaux dans ce grand comit\u00e9 d&rsquo;intervention sur lequel si\u00e8ge des acteurs de tous les milieux, dont le transport, les services de police, l&rsquo;arm\u00e9e canadienne, l&rsquo;environnement, Hydro-Qu\u00e9bec, etc. L&rsquo;\u00e9quipe de s\u00e9curit\u00e9 civile mission sant\u00e9 a comme mandat de supporter les coll\u00e8gues des deux autres CISSS et de faire les liens entre les demandes des municipalit\u00e9s et le CISSS de la Mont\u00e9r\u00e9gie-Ouest en ce qui \u00e0 trait aux services psychosociaux, puisque les inondations touchent actuellement cette partie de la Mont\u00e9r\u00e9gie.<\/p>\n<p>Notons \u00e9galement que l&rsquo;expertise de la Direction de sant\u00e9 publique sera mise \u00e0 contribution dans les prochaines semaines, particuli\u00e8rement aupr\u00e8s des sinistr\u00e9s qui devront faire face aux probl\u00e8mes de moisissures et de salubrit\u00e9 \u00e0 l&rsquo;int\u00e9rieur de leur domicile.<\/p>\n<p><strong>Comment se pr\u00e9parer aux sinistres<\/strong><\/p>\n<p>D&rsquo;un point de vue individuel, le minist\u00e8re de la S\u00e9curit\u00e9 publique rappel qu&rsquo;il est possible de se pr\u00e9parer \u00e0 faire face \u00e0 un sinistre. <a href=\"http:\/\/www.securitepublique.gouv.qc.ca\/securite-civile\/se-preparer-aux-sinistres.html\" target=\"_blank\" rel=\"noopener noreferrer\">Nous vous invitons \u00e0 vous rendre sur leur site Web <\/a>pour obtenir des conseils qui pourraient s&rsquo;av\u00e9rer utiles.<\/p>\n<p>&nbsp;<\/p>\n<p>&nbsp;<\/p>\n<p>&nbsp;<\/p>\n","protected":false},"excerpt":{"rendered":"<p>La Semaine de la s\u00e9curit\u00e9 civile qui se tient du 7 au 13 mai 2017 a pour but de sensibiliser la population \u00e0 l\u2019importance d\u2019\u00eatre pr\u00eat \u00e0 affronter un \u00e9ventuel sinistre. Les inondations qui frappent plusieurs municipalit\u00e9s au Qu\u00e9bec en &hellip; <a href=\"https:\/\/santemc.quebec\/icentre\/semaine-de-la-securite-civile-ma-securite-ma-responsabilite\/\">Continuer la lecture <span class=\"meta-nav\">&rarr;<\/span><\/a><\/p>\n","protected":false},"author":1,"featured_media":0,"comment_status":"open","ping_status":"closed","sticky":false,"template":"","format":"standard","meta":{"footnotes":""},"categories":[1],"tags":[],"_links":{"self":[{"href":"https:\/\/santemc.quebec\/icentre\/wp-json\/wp\/v2\/posts\/4637"}],"collection":[{"href":"https:\/\/santemc.quebec\/icentre\/wp-json\/wp\/v2\/posts"}],"about":[{"href":"https:\/\/santemc.quebec\/icentre\/wp-json\/wp\/v2\/types\/post"}],"author":[{"embeddable":true,"href":"https:\/\/santemc.quebec\/icentre\/wp-json\/wp\/v2\/users\/1"}],"replies":[{"embeddable":true,"href":"https:\/\/santemc.quebec\/icentre\/wp-json\/wp\/v2\/comments?post=4637"}],"version-history":[{"count":10,"href":"https:\/\/santemc.quebec\/icentre\/wp-json\/wp\/v2\/posts\/4637\/revisions"}],"predecessor-version":[{"id":4654,"href":"https:\/\/santemc.quebec\/icentre\/wp-json\/wp\/v2\/posts\/4637\/revisions\/4654"}],"wp:attachment":[{"href":"https:\/\/santemc.quebec\/icentre\/wp-json\/wp\/v2\/media?parent=4637"}],"wp:term":[{"taxonomy":"category","embeddable":true,"href":"https:\/\/santemc.quebec\/icentre\/wp-json\/wp\/v2\/categories?post=4637"},{"taxonomy":"post_tag","embeddable":true,"href":"https:\/\/santemc.quebec\/icentre\/wp-json\/wp\/v2\/tags?post=4637"}],"curies":[{"name":"wp","href":"https:\/\/api.w.org\/{rel}","templated":true}]}}