{"id":4648,"date":"2017-05-17T15:52:16","date_gmt":"2017-05-17T19:52:16","guid":{"rendered":"http:\/\/santemc.quebec\/icentre\/?p=4648"},"modified":"2017-05-25T09:04:57","modified_gmt":"2017-05-25T13:04:57","slug":"bilan-recrutement-200-embauches-depuis-le-1er-avril-copy","status":"publish","type":"post","link":"https:\/\/santemc.quebec\/icentre\/bilan-recrutement-200-embauches-depuis-le-1er-avril-copy\/","title":{"rendered":"Bilan recrutement : 79 nouvelles entr\u00e9es en fonction"},"content":{"rendered":"<p>Voici le deuxi\u00e8me\u00a0bilan de notre offensive de recrutement. Dans les deux derni\u00e8res semaines,\u00a079 nouvelles personnes se sont ajout\u00e9es \u00e0 nos \u00e9quipes,ce qui nous am\u00e8ne \u00e0 accueillir 174 nouveaux nouvelles personnes au sein de notre organisation depuis le 1<sup>er<\/sup> avril.<\/p>\n<p><a href=\"https:\/\/infogr.am\/welcome_your_first_project-9889\" target=\"_blank\" rel=\"noopener noreferrer\"><img decoding=\"async\" loading=\"lazy\" class=\"aligncenter wp-image-4699 size-full\" src=\"http:\/\/santemc.quebec\/santemc\/icentre\/wp-content\/uploads\/2017\/05\/recrutement-11-mai.png\" alt=\"\" width=\"825\" height=\"554\" srcset=\"https:\/\/santemc.quebec\/santemc\/icentre\/wp-content\/uploads\/2017\/05\/recrutement-11-mai.png 825w, https:\/\/santemc.quebec\/santemc\/icentre\/wp-content\/uploads\/2017\/05\/recrutement-11-mai-300x201.png 300w, https:\/\/santemc.quebec\/santemc\/icentre\/wp-content\/uploads\/2017\/05\/recrutement-11-mai-768x516.png 768w, https:\/\/santemc.quebec\/santemc\/icentre\/wp-content\/uploads\/2017\/05\/recrutement-11-mai-447x300.png 447w\" sizes=\"(max-width: 825px) 100vw, 825px\" \/><\/a><\/p>\n<p><!--more--><\/p>\n<p><strong>Parlez-en \u00e0 vos amis!<\/strong><\/p>\n<p>Nous sommes toujours activement \u00e0 la recherche de candidates et de candidats de qualit\u00e9. Aidez-nous \u00e0 faire de cette campagne un succ\u00e8s\u00a0en partageant nos <a href=\"http:\/\/facebook.com\/cisssmc\/posts\/1075302995936283\" target=\"_blank\" rel=\"noopener noreferrer\">publicit\u00e9s\u00a0Facebook<\/a>, ou simplement en invitant\u00a0votre entourage \u00e0 visiter notre site Web : <a href=\"http:\/\/nousrecrutons.ca\" target=\"_blank\" rel=\"noopener noreferrer\">nousrecrutons.ca<\/a>.<\/p>\n<p>[huge_it_slider id=\u00a0\u00bb13&Prime;]<\/p>\n<p>&nbsp;<\/p>\n<p><strong>Nous souhaitons \u00e0 tous les nouveaux employ\u00e9s la bienvenue dans notre organisation!<\/strong><\/p>\n<div style=\"width: 100%; float: left;\">\n<div style=\"width: 45%; float: left;\">\n<p><strong>Pour le RLS Champlain<\/strong><\/p>\n<p><strong>Groupe infirmi\u00e8res (3)<\/strong><\/p>\n<ul>\n<li>Mathilde Blanchette<\/li>\n<li>Marie-\u00c8ve Chicoine Imbeault<\/li>\n<li>Liette Labr\u00e8che<\/li>\n<\/ul>\n<p><strong>Infirmi\u00e8res auxiliaires (9)<\/strong><\/p>\n<ul>\n<li>Brunette Exantus<\/li>\n<li>Laurence H\u00e9bert<\/li>\n<li>Topan Adiaratou<\/li>\n<li>Abdelfettah Falil<\/li>\n<li>Yamirdley Joseph<\/li>\n<li>Mustapha Taleb<\/li>\n<li>Eiffel Thony<\/li>\n<li>Jade Jeanty<\/li>\n<li>Tiguida Diallo<\/li>\n<\/ul>\n<p><strong>Pr\u00e9pos\u00e9es aux b\u00e9n\u00e9ficiaires (5)<\/strong><\/p>\n<ul>\n<li>Massiata Traor\u00e9<\/li>\n<li>Mireille Guillaume<\/li>\n<li>Jeanne Mamoyo<\/li>\n<li>Marie Florence Hollant Badio<\/li>\n<li>Gaelle Jacqueline Ngassam Yankam<\/li>\n<\/ul>\n<p><strong>Personnel\u00a0administratif (12)<\/strong><\/p>\n<ul>\n<li>Roxanne B\u00e9dard (sp\u00e9cialiste en proc\u00e9d\u00e9s administratifs)<\/li>\n<li>Julianne Cadieux (agente administrative)<\/li>\n<li>Fr\u00e9d\u00e9rique Lambert (agente administrative)<\/li>\n<li>M\u00e9lissa Sue Munando (agente administrative)<\/li>\n<li>Marie-France B\u00e9lair (agente administrative)<\/li>\n<li>Sara Bernier (agente administrative)<\/li>\n<li>Tania Diallo (agente administrative)<\/li>\n<li>Sarah Geoffrion (agente administrative)<\/li>\n<li>Daphn\u00e9 Jean (agente administrative)<\/li>\n<li>Nicole Lecours (agente administrative)<\/li>\n<li>Jean-S\u00e9bastien Monast (technicien en b\u00e2timent)<\/li>\n<li>Cheickh Diop (assistant de recherche)<\/li>\n<\/ul>\n<p><strong>Professionnels et techniciens\u00a0en sant\u00e9 services sociaux (8)<\/strong><\/p>\n<ul>\n<li>Jos\u00e9e Blanchette (travailleuse sociale)<\/li>\n<li>Lucie Levaque (technologiste m\u00e9dicale)<\/li>\n<li>France Martel (technicienne en loisir)<\/li>\n<li>Gabrielle Le Gruiec (agente de relations humaines)<\/li>\n<li>Marina Parent (nutritionniste)<\/li>\n<li>Mathieu Savard (technologiste m\u00e9dical)<\/li>\n<li>Nicolas C\u00f4t\u00e9 (physicien m\u00e9dical)<\/li>\n<li>M\u00e9lissa Tremblay (ing\u00e9nieure biom\u00e9dicale)<\/li>\n<\/ul>\n<p><strong><img decoding=\"async\" loading=\"lazy\" class=\"aligncenter size-full wp-image-4699\" src=\"http:\/\/santemc.quebec\/santemc\/icentre\/wp-content\/uploads\/2017\/05\/recrutement-11-mai.png\" alt=\"\" width=\"825\" height=\"554\" srcset=\"https:\/\/santemc.quebec\/santemc\/icentre\/wp-content\/uploads\/2017\/05\/recrutement-11-mai.png 825w, https:\/\/santemc.quebec\/santemc\/icentre\/wp-content\/uploads\/2017\/05\/recrutement-11-mai-300x201.png 300w, https:\/\/santemc.quebec\/santemc\/icentre\/wp-content\/uploads\/2017\/05\/recrutement-11-mai-768x516.png 768w, https:\/\/santemc.quebec\/santemc\/icentre\/wp-content\/uploads\/2017\/05\/recrutement-11-mai-447x300.png 447w\" sizes=\"(max-width: 825px) 100vw, 825px\" \/>Personnel de\u00a0soutien (15)<\/strong><\/p>\n<ul>\n<li>Lucie Payette (pr\u00e9pos\u00e9e au service alimentaire)<\/li>\n<li>France Pich\u00e9 (pr\u00e9pos\u00e9e au service alimentaire)<\/li>\n<li>Eve Bienvenue (pr\u00e9pos\u00e9e au service alimentaire)<\/li>\n<li>\u00c9milie Boutin (assistante technique pharmacie)<\/li>\n<li>Alejandra Saavedra (assistante technique pharmacie)<\/li>\n<li>Carlos Holmes Rios Montero (auxiliaire aux services de sant\u00e9 et sociaux)<\/li>\n<li>Alycia Serena Gauthier (auxiliaire aux services de sant\u00e9 et sociaux)<\/li>\n<li>M\u00e9lissa Houet (auxiliaire aux services de sant\u00e9 et sociaux)<\/li>\n<li>Marie-Pontiane Izemengia (auxiliaire aux services de sant\u00e9 et sociaux)<\/li>\n<li>Sophie Marm (auxiliaire aux services de sant\u00e9 et sociaux)<\/li>\n<li>Ansley Sosa Zamora (cuisinier)<\/li>\n<li>Jonathan Lai (cuisinier)<\/li>\n<li>Victoria Caron (cuisini\u00e8re)<\/li>\n<li>Hugo Ouellette-Dumont (pr\u00e9pos\u00e9 \u00e0 l&rsquo;entretien m\u00e9nager)<\/li>\n<li>Benjamin Vaskelis (pr\u00e9pos\u00e9 \u00e0 l&rsquo;entretien m\u00e9nager)<\/li>\n<\/ul>\n<p>,<\/p>\n<\/div>\n<div style=\"width: 10%; float: left;\">\n<p>&nbsp;<\/p>\n<\/div>\n<div style=\"width: 45%; float: left;\">\n<p><strong>Pour le RLS\u00a0du Haut-Richelieu &#8211; Rouville<\/strong><\/p>\n<p><strong>Groupe infirmi\u00e8res (2)<\/strong><\/p>\n<ul>\n<li>Annie-Kim Dub\u00e9<\/li>\n<li>Louise Busque<\/li>\n<\/ul>\n<p><strong>Pr\u00e9pos\u00e9es aux b\u00e9n\u00e9ficiaires (11)<\/strong><\/p>\n<ul>\n<li>Monique Bisaillon<\/li>\n<li>Annie Jacques<\/li>\n<li>M\u00e9lanie Jacques<\/li>\n<li>Samuel B-Thibault<\/li>\n<li>Catherine Ducharme<\/li>\n<li>Johanie Carri\u00e8re<\/li>\n<li>Katrine Lemaire<\/li>\n<li>St\u00e9phanie McCaughan<\/li>\n<li>Maude Brosseau Gu\u00e9nette,<\/li>\n<li>Esmeralda Lopez<\/li>\n<li>Audrey Houle<\/li>\n<\/ul>\n<p><strong>Professionnels et techniciens\u00a0en sant\u00e9 services sociaux (3)<\/strong><\/p>\n<ul>\n<li>Emma Dub\u00e9-Boucher (agente de relations humaines)<\/li>\n<li>M\u00e9lanie Champagne\u00a0(agente de relations humaines)<\/li>\n<li>Claudia Houle-Albert\u00a0(agente de relations humaines)<\/li>\n<\/ul>\n<p><strong><b>Personnel\u00a0de soutien\u00a0(11)<\/b><\/strong><\/p>\n<ul>\n<li>Nathalie Rose (aide de service)<\/li>\n<li>Lyna Benoit (pr\u00e9pos\u00e9e aux services alimentaires)<\/li>\n<li>Pierre Pelletier\u00a0 (pr\u00e9pos\u00e9 aux services alimentaires)<\/li>\n<li>Audrey St-Onge\u00a0 (pr\u00e9pos\u00e9e aux services alimentaires)<\/li>\n<li>Michel Lamarche (pr\u00e9pos\u00e9 hygi\u00e8ne salubrit\u00e9)<\/li>\n<li>Jimmy Olive-Dufort\u00a0 (pr\u00e9pos\u00e9 hygi\u00e8ne salubrit\u00e9)<\/li>\n<li>Marie-Pier Santerre\u00a0 (pr\u00e9pos\u00e9e hygi\u00e8ne salubrit\u00e9)<\/li>\n<li>Cynthia Mathieu\u00a0 (pr\u00e9pos\u00e9e hygi\u00e8ne salubrit\u00e9)<\/li>\n<li>R\u00e9mi Mathieu-Brault (aide de service)<\/li>\n<li>F\u00e9lix Surprenant\u00a0(aide de service)<\/li>\n<li>Tristan Chartrand (pr\u00e9pos\u00e9 aux services alimentaires)<\/li>\n<\/ul>\n<p>&nbsp;<\/p>\n<\/div>\n<p>&nbsp;<\/p>\n<\/div>\n","protected":false},"excerpt":{"rendered":"<p>Voici le deuxi\u00e8me\u00a0bilan de notre offensive de recrutement. Dans les deux derni\u00e8res semaines,\u00a079 nouvelles personnes se sont ajout\u00e9es \u00e0 nos \u00e9quipes,ce qui nous am\u00e8ne \u00e0 accueillir 174 nouveaux nouvelles personnes au sein de notre organisation depuis le 1er avril.<\/p>\n","protected":false},"author":1,"featured_media":0,"comment_status":"open","ping_status":"closed","sticky":false,"template":"","format":"standard","meta":{"footnotes":""},"categories":[91],"tags":[],"_links":{"self":[{"href":"https:\/\/santemc.quebec\/icentre\/wp-json\/wp\/v2\/posts\/4648"}],"collection":[{"href":"https:\/\/santemc.quebec\/icentre\/wp-json\/wp\/v2\/posts"}],"about":[{"href":"https:\/\/santemc.quebec\/icentre\/wp-json\/wp\/v2\/types\/post"}],"author":[{"embeddable":true,"href":"https:\/\/santemc.quebec\/icentre\/wp-json\/wp\/v2\/users\/1"}],"replies":[{"embeddable":true,"href":"https:\/\/santemc.quebec\/icentre\/wp-json\/wp\/v2\/comments?post=4648"}],"version-history":[{"count":26,"href":"https:\/\/santemc.quebec\/icentre\/wp-json\/wp\/v2\/posts\/4648\/revisions"}],"predecessor-version":[{"id":4759,"href":"https:\/\/santemc.quebec\/icentre\/wp-json\/wp\/v2\/posts\/4648\/revisions\/4759"}],"wp:attachment":[{"href":"https:\/\/santemc.quebec\/icentre\/wp-json\/wp\/v2\/media?parent=4648"}],"wp:term":[{"taxonomy":"category","embeddable":true,"href":"https:\/\/santemc.quebec\/icentre\/wp-json\/wp\/v2\/categories?post=4648"},{"taxonomy":"post_tag","embeddable":true,"href":"https:\/\/santemc.quebec\/icentre\/wp-json\/wp\/v2\/tags?post=4648"}],"curies":[{"name":"wp","href":"https:\/\/api.w.org\/{rel}","templated":true}]}}